{"id":236,"date":"2025-02-02T21:16:47","date_gmt":"2025-02-02T21:16:47","guid":{"rendered":"https:\/\/www.lesmaestros.com\/blog\/?p=236"},"modified":"2025-02-02T21:17:32","modified_gmt":"2025-02-02T21:17:32","slug":"location-saisonniere-en-bretagne-villas-et-appartements-en-bretagne-vacances-en-bretagne-bord-de-mer-hebergements-de-luxe-en-bretagne-sejour-bretagne-vue-mer","status":"publish","type":"post","link":"https:\/\/www.lesmaestros.com\/blog\/location-saisonniere-en-bretagne-villas-et-appartements-en-bretagne-vacances-en-bretagne-bord-de-mer-hebergements-de-luxe-en-bretagne-sejour-bretagne-vue-mer\/","title":{"rendered":"La Bretagne, une terre de l\u00e9gendes et d&rsquo;\u00e9vasion pour des vacances inoubliables"},"content":{"rendered":"\n<p>La <a href=\"https:\/\/www.bretagne-cotedegranitrose.com\">Bretagne<\/a>, une terre de l\u00e9gendes et d&rsquo;\u00e9vasion pour des vacances inoubliables. La Bretagne est une r\u00e9gion unique, entre terre et mer. Elle s\u00e9duit par ses paysages sauvages, son patrimoine culturel et ses traditions bien vivantes. Des for\u00eats mythiques aux c\u00f4tes escarp\u00e9es, chaque recoin de cette terre celtique r\u00e9v\u00e8le des merveilles \u00e0 d\u00e9couvrir. Pour en profiter pleinement, quoi de mieux qu\u2019un s\u00e9jour dans une villa ou un appartement d\u2019exception ? Chez\u00a0<strong><a href=\"https:\/\/www.lesmaestros.com\">Les Maestros<\/a><\/strong>, nous avons s\u00e9lectionn\u00e9 des h\u00e9bergements uniques pour des vacances en famille m\u00e9morables. D\u00e9couvrez notre s\u00e9lection exclusive dans cet article.<\/p>\n\n\n\n<h2 class=\"wp-block-heading\"><strong>Une nature pr\u00e9serv\u00e9e entre mer et l\u00e9gendes<\/strong><\/h2>\n\n\n\n<p>Commencez votre voyage par la&nbsp;<strong>for\u00eat de Broc\u00e9liande<\/strong>, royaume des l\u00e9gendes arthuriennes. Ce lieu myst\u00e9rieux abrite le tombeau de Merlin et fascine petits et grands. Ensuite, laissez-vous \u00e9merveiller par la beaut\u00e9 brute de la&nbsp;<strong>C\u00f4te Sauvage de Quiberon<\/strong>, o\u00f9 falaises abruptes et oc\u00e9an d\u00e9cha\u00een\u00e9 offrent un spectacle inoubliable.<\/p>\n\n\n\n<p>En remontant vers le nord, la&nbsp;<strong>C\u00f4te de Granit Rose<\/strong>&nbsp;d\u00e9voile ses rochers aux formes \u00e9tonnantes. Pour une vue spectaculaire, rien de tel qu\u2019un coucher de soleil au&nbsp;<strong>Cap Fr\u00e9hel<\/strong>. Plus au sud, le&nbsp;<strong>Golfe du Morbihan<\/strong>&nbsp;vous s\u00e9duira avec ses plages paradisiaques et ses eaux turquoise bord\u00e9es de criques sauvages.<\/p>\n\n\n\n<p>Les amateurs d\u2019histoire appr\u00e9cieront un d\u00e9tour par&nbsp;<strong>Carnac<\/strong>&nbsp;et&nbsp;<strong>Locmariaquer<\/strong>. Leurs alignements de menhirs t\u00e9moignent d\u2019un pass\u00e9 fascinant et rempli de myst\u00e8res.<\/p>\n\n\n\n<h2 class=\"wp-block-heading\"><strong>Un patrimoine historique fascinant<\/strong><\/h2>\n\n\n\n<p>La Bretagne poss\u00e8de aussi un patrimoine architectural riche. \u00c0&nbsp;<strong>Saint-Malo<\/strong>, fl\u00e2nez sur les remparts de la ville corsaire et admirez ses demeures m\u00e9di\u00e9vales. Ensuite, mettez le cap sur le&nbsp;<strong>Finist\u00e8re<\/strong>, o\u00f9 les paysages sauvages vous laisseront sans voix. L\u2019incontournable&nbsp;<strong>Pointe du Raz<\/strong>, avec sa falaise escarp\u00e9e plongeant dans l\u2019Atlantique, offre un panorama \u00e0 couper le souffle.<\/p>\n\n\n\n<p>Autre perle bretonne, la&nbsp;<strong>Cornouaille<\/strong>&nbsp;s\u00e9duit par son authenticit\u00e9. Entre le&nbsp;<strong>pays Bigouden<\/strong>, les&nbsp;<strong>\u00eeles Gl\u00e9nans<\/strong>&nbsp;et les&nbsp;<strong>Monts d&rsquo;Arr\u00e9es<\/strong>, chaque paysage d\u00e9voile une Bretagne pr\u00e9serv\u00e9e et pleine de caract\u00e8re. Ports de p\u00eache en activit\u00e9, l\u00e9gendes locales et gastronomie savoureuse rythment la vie de ces territoires d\u2019exception.<\/p>\n\n\n\n<h2 class=\"wp-block-heading\"><strong>Une culture vivante et gourmande<\/strong><\/h2>\n\n\n\n<p>La Bretagne est une r\u00e9gion fi\u00e8re de ses traditions. Le&nbsp;<strong>fest-noz<\/strong>, litt\u00e9ralement \u00ab\u00a0f\u00eate de nuit\u00a0\u00bb, rassemble toutes les g\u00e9n\u00e9rations autour de danses et musiques traditionnelles. Si vous en avez l\u2019occasion, participez \u00e0 cet \u00e9v\u00e9nement unique pour vivre l\u2019\u00e2me bretonne.<\/p>\n\n\n\n<p>C\u00f4t\u00e9 gastronomie, impossible de r\u00e9sister aux sp\u00e9cialit\u00e9s locales. R\u00e9galez-vous avec une&nbsp;<strong>cr\u00eape au caramel beurre sal\u00e9<\/strong>, un&nbsp;<strong>kouign-amann<\/strong>&nbsp;fondant ou encore les fameux&nbsp;<strong>caramels et biscuits bretons<\/strong>.<\/p>\n\n\n\n<h2 class=\"wp-block-heading\"><strong>Nos villas et appartements pour un s\u00e9jour d\u2019exception<\/strong><\/h2>\n\n\n\n<p>Pour rendre votre escapade encore plus agr\u00e9able,&nbsp;<strong>Les Maestros<\/strong>&nbsp;ont s\u00e9lectionn\u00e9 des&nbsp;<strong>villas et appartements haut de gamme<\/strong>. Situ\u00e9s dans les plus beaux endroits de Bretagne, ils offrent un confort absolu, une vue imprenable et des services personnalis\u00e9s.<\/p>\n\n\n\n<p>Envie d\u2019une maison en bord de mer ou d\u2019un appartement proche des sites incontournables ? D\u00e9couvrez notre&nbsp;<strong>s\u00e9lection exclusive<\/strong>&nbsp;et profitez du meilleur de la Bretagne en toute s\u00e9r\u00e9nit\u00e9.<\/p>\n\n\n\n<figure class=\"wp-block-image size-large\"><a href=\"https:\/\/www.lesmaestros.com\/location\/villa-plouezec-le-clos-minard-villa-avec-piscine-509339.html\"><img fetchpriority=\"high\" decoding=\"async\" width=\"1920\" height=\"630\" src=\"https:\/\/www.lesmaestros.com\/blog\/wp-content\/uploads\/2025\/02\/4M3A8943-1920x630.jpg\" alt=\"\" class=\"wp-image-237\"\/><\/a><\/figure>\n\n\n\n<p><strong>R\u00e9servez d\u00e8s maintenant avec Les Maestros et vivez une exp\u00e9rience inoubliable en Bretagne !<\/strong><\/p>\n\n\n\n<p>Kenavo emberr !<\/p>\n\n\n\n<p><\/p>\n","protected":false},"excerpt":{"rendered":"<p>La Bretagne, une terre de l\u00e9gendes et d&rsquo;\u00e9vasion pour des vacances inoubliables. La Bretagne est une r\u00e9gion unique, entre terre&#8230;<\/p>\n","protected":false},"author":2,"featured_media":0,"comment_status":"open","ping_status":"closed","sticky":false,"template":"","format":"standard","meta":{"footnotes":""},"categories":[2],"tags":[],"class_list":["post-236","post","type-post","status-publish","format-standard","hentry","category-non-classifiee"],"yoast_head":"<!-- This site is optimized with the Yoast SEO plugin v27.5 - https:\/\/yoast.com\/product\/yoast-seo-wordpress\/ -->\n<title>La Bretagne, une terre de l\u00e9gendes et d&#039;\u00e9vasion pour des vacances inoubliables - Blog<\/title>\n<meta name=\"robots\" content=\"index, follow, max-snippet:-1, max-image-preview:large, max-video-preview:-1\" \/>\n<link rel=\"canonical\" href=\"https:\/\/www.lesmaestros.com\/blog\/location-saisonniere-en-bretagne-villas-et-appartements-en-bretagne-vacances-en-bretagne-bord-de-mer-hebergements-de-luxe-en-bretagne-sejour-bretagne-vue-mer\/\" \/>\n<meta property=\"og:locale\" content=\"fr_FR\" \/>\n<meta property=\"og:type\" content=\"article\" \/>\n<meta property=\"og:title\" content=\"La Bretagne, une terre de l\u00e9gendes et d&#039;\u00e9vasion pour des vacances inoubliables - Blog\" \/>\n<meta property=\"og:description\" content=\"La Bretagne, une terre de l\u00e9gendes et d&rsquo;\u00e9vasion pour des vacances inoubliables. La Bretagne est une r\u00e9gion unique, entre terre...\" \/>\n<meta property=\"og:url\" content=\"https:\/\/www.lesmaestros.com\/blog\/location-saisonniere-en-bretagne-villas-et-appartements-en-bretagne-vacances-en-bretagne-bord-de-mer-hebergements-de-luxe-en-bretagne-sejour-bretagne-vue-mer\/\" \/>\n<meta property=\"og:site_name\" content=\"Blog\" \/>\n<meta property=\"article:publisher\" content=\"https:\/\/www.facebook.com\/LesMaestrosConciergerie\" \/>\n<meta property=\"article:published_time\" content=\"2025-02-02T21:16:47+00:00\" \/>\n<meta property=\"article:modified_time\" content=\"2025-02-02T21:17:32+00:00\" \/>\n<meta property=\"og:image\" content=\"https:\/\/www.lesmaestros.com\/blog\/wp-content\/uploads\/2025\/02\/4M3A8943-1920x630.jpg\" \/>\n<meta name=\"author\" content=\"lesmaestros\" \/>\n<meta name=\"twitter:card\" content=\"summary_large_image\" \/>\n<meta name=\"twitter:label1\" content=\"\u00c9crit par\" \/>\n\t<meta name=\"twitter:data1\" content=\"lesmaestros\" \/>\n\t<meta name=\"twitter:label2\" content=\"Dur\u00e9e de lecture estim\u00e9e\" \/>\n\t<meta name=\"twitter:data2\" content=\"3 minutes\" \/>\n<script type=\"application\/ld+json\" class=\"yoast-schema-graph\">{\"@context\":\"https:\\\/\\\/schema.org\",\"@graph\":[{\"@type\":\"Article\",\"@id\":\"https:\\\/\\\/www.lesmaestros.com\\\/blog\\\/location-saisonniere-en-bretagne-villas-et-appartements-en-bretagne-vacances-en-bretagne-bord-de-mer-hebergements-de-luxe-en-bretagne-sejour-bretagne-vue-mer\\\/#article\",\"isPartOf\":{\"@id\":\"https:\\\/\\\/www.lesmaestros.com\\\/blog\\\/location-saisonniere-en-bretagne-villas-et-appartements-en-bretagne-vacances-en-bretagne-bord-de-mer-hebergements-de-luxe-en-bretagne-sejour-bretagne-vue-mer\\\/\"},\"author\":{\"name\":\"lesmaestros\",\"@id\":\"https:\\\/\\\/www.lesmaestros.com\\\/blog\\\/#\\\/schema\\\/person\\\/129df87f8440133b9b93dec0b86118f8\"},\"headline\":\"La Bretagne, une terre de l\u00e9gendes et d&rsquo;\u00e9vasion pour des vacances inoubliables\",\"datePublished\":\"2025-02-02T21:16:47+00:00\",\"dateModified\":\"2025-02-02T21:17:32+00:00\",\"mainEntityOfPage\":{\"@id\":\"https:\\\/\\\/www.lesmaestros.com\\\/blog\\\/location-saisonniere-en-bretagne-villas-et-appartements-en-bretagne-vacances-en-bretagne-bord-de-mer-hebergements-de-luxe-en-bretagne-sejour-bretagne-vue-mer\\\/\"},\"wordCount\":615,\"commentCount\":0,\"publisher\":{\"@id\":\"https:\\\/\\\/www.lesmaestros.com\\\/blog\\\/#organization\"},\"image\":{\"@id\":\"https:\\\/\\\/www.lesmaestros.com\\\/blog\\\/location-saisonniere-en-bretagne-villas-et-appartements-en-bretagne-vacances-en-bretagne-bord-de-mer-hebergements-de-luxe-en-bretagne-sejour-bretagne-vue-mer\\\/#primaryimage\"},\"thumbnailUrl\":\"https:\\\/\\\/www.lesmaestros.com\\\/blog\\\/wp-content\\\/uploads\\\/2025\\\/02\\\/4M3A8943-1920x630.jpg\",\"articleSection\":[\"Non classifi\u00e9(e)\"],\"inLanguage\":\"fr-FR\",\"potentialAction\":[{\"@type\":\"CommentAction\",\"name\":\"Comment\",\"target\":[\"https:\\\/\\\/www.lesmaestros.com\\\/blog\\\/location-saisonniere-en-bretagne-villas-et-appartements-en-bretagne-vacances-en-bretagne-bord-de-mer-hebergements-de-luxe-en-bretagne-sejour-bretagne-vue-mer\\\/#respond\"]}]},{\"@type\":\"WebPage\",\"@id\":\"https:\\\/\\\/www.lesmaestros.com\\\/blog\\\/location-saisonniere-en-bretagne-villas-et-appartements-en-bretagne-vacances-en-bretagne-bord-de-mer-hebergements-de-luxe-en-bretagne-sejour-bretagne-vue-mer\\\/\",\"url\":\"https:\\\/\\\/www.lesmaestros.com\\\/blog\\\/location-saisonniere-en-bretagne-villas-et-appartements-en-bretagne-vacances-en-bretagne-bord-de-mer-hebergements-de-luxe-en-bretagne-sejour-bretagne-vue-mer\\\/\",\"name\":\"La Bretagne, une terre de l\u00e9gendes et d'\u00e9vasion pour des vacances inoubliables - Blog\",\"isPartOf\":{\"@id\":\"https:\\\/\\\/www.lesmaestros.com\\\/blog\\\/#website\"},\"primaryImageOfPage\":{\"@id\":\"https:\\\/\\\/www.lesmaestros.com\\\/blog\\\/location-saisonniere-en-bretagne-villas-et-appartements-en-bretagne-vacances-en-bretagne-bord-de-mer-hebergements-de-luxe-en-bretagne-sejour-bretagne-vue-mer\\\/#primaryimage\"},\"image\":{\"@id\":\"https:\\\/\\\/www.lesmaestros.com\\\/blog\\\/location-saisonniere-en-bretagne-villas-et-appartements-en-bretagne-vacances-en-bretagne-bord-de-mer-hebergements-de-luxe-en-bretagne-sejour-bretagne-vue-mer\\\/#primaryimage\"},\"thumbnailUrl\":\"https:\\\/\\\/www.lesmaestros.com\\\/blog\\\/wp-content\\\/uploads\\\/2025\\\/02\\\/4M3A8943-1920x630.jpg\",\"datePublished\":\"2025-02-02T21:16:47+00:00\",\"dateModified\":\"2025-02-02T21:17:32+00:00\",\"breadcrumb\":{\"@id\":\"https:\\\/\\\/www.lesmaestros.com\\\/blog\\\/location-saisonniere-en-bretagne-villas-et-appartements-en-bretagne-vacances-en-bretagne-bord-de-mer-hebergements-de-luxe-en-bretagne-sejour-bretagne-vue-mer\\\/#breadcrumb\"},\"inLanguage\":\"fr-FR\",\"potentialAction\":[{\"@type\":\"ReadAction\",\"target\":[\"https:\\\/\\\/www.lesmaestros.com\\\/blog\\\/location-saisonniere-en-bretagne-villas-et-appartements-en-bretagne-vacances-en-bretagne-bord-de-mer-hebergements-de-luxe-en-bretagne-sejour-bretagne-vue-mer\\\/\"]}]},{\"@type\":\"ImageObject\",\"inLanguage\":\"fr-FR\",\"@id\":\"https:\\\/\\\/www.lesmaestros.com\\\/blog\\\/location-saisonniere-en-bretagne-villas-et-appartements-en-bretagne-vacances-en-bretagne-bord-de-mer-hebergements-de-luxe-en-bretagne-sejour-bretagne-vue-mer\\\/#primaryimage\",\"url\":\"https:\\\/\\\/www.lesmaestros.com\\\/blog\\\/wp-content\\\/uploads\\\/2025\\\/02\\\/4M3A8943-scaled.jpg\",\"contentUrl\":\"https:\\\/\\\/www.lesmaestros.com\\\/blog\\\/wp-content\\\/uploads\\\/2025\\\/02\\\/4M3A8943-scaled.jpg\",\"width\":2560,\"height\":1440},{\"@type\":\"BreadcrumbList\",\"@id\":\"https:\\\/\\\/www.lesmaestros.com\\\/blog\\\/location-saisonniere-en-bretagne-villas-et-appartements-en-bretagne-vacances-en-bretagne-bord-de-mer-hebergements-de-luxe-en-bretagne-sejour-bretagne-vue-mer\\\/#breadcrumb\",\"itemListElement\":[{\"@type\":\"ListItem\",\"position\":1,\"name\":\"Portada\",\"item\":\"https:\\\/\\\/www.lesmaestros.com\\\/blog\\\/\"},{\"@type\":\"ListItem\",\"position\":2,\"name\":\"La Bretagne, une terre de l\u00e9gendes et d&rsquo;\u00e9vasion pour des vacances inoubliables\"}]},{\"@type\":\"WebSite\",\"@id\":\"https:\\\/\\\/www.lesmaestros.com\\\/blog\\\/#website\",\"url\":\"https:\\\/\\\/www.lesmaestros.com\\\/blog\\\/\",\"name\":\"les maestros\",\"description\":\"Les Maestros Immobilier\",\"publisher\":{\"@id\":\"https:\\\/\\\/www.lesmaestros.com\\\/blog\\\/#organization\"},\"potentialAction\":[{\"@type\":\"SearchAction\",\"target\":{\"@type\":\"EntryPoint\",\"urlTemplate\":\"https:\\\/\\\/www.lesmaestros.com\\\/blog\\\/?s={search_term_string}\"},\"query-input\":{\"@type\":\"PropertyValueSpecification\",\"valueRequired\":true,\"valueName\":\"search_term_string\"}}],\"inLanguage\":\"fr-FR\"},{\"@type\":\"Organization\",\"@id\":\"https:\\\/\\\/www.lesmaestros.com\\\/blog\\\/#organization\",\"name\":\"LES MAESTROS\",\"url\":\"https:\\\/\\\/www.lesmaestros.com\\\/blog\\\/\",\"logo\":{\"@type\":\"ImageObject\",\"inLanguage\":\"fr-FR\",\"@id\":\"https:\\\/\\\/www.lesmaestros.com\\\/blog\\\/#\\\/schema\\\/logo\\\/image\\\/\",\"url\":\"https:\\\/\\\/www.lesmaestros.com\\\/blog\\\/wp-content\\\/uploads\\\/2024\\\/06\\\/mascotte.png\",\"contentUrl\":\"https:\\\/\\\/www.lesmaestros.com\\\/blog\\\/wp-content\\\/uploads\\\/2024\\\/06\\\/mascotte.png\",\"width\":482,\"height\":482,\"caption\":\"LES MAESTROS\"},\"image\":{\"@id\":\"https:\\\/\\\/www.lesmaestros.com\\\/blog\\\/#\\\/schema\\\/logo\\\/image\\\/\"},\"sameAs\":[\"https:\\\/\\\/www.facebook.com\\\/LesMaestrosConciergerie\",\"https:\\\/\\\/www.instagram.com\\\/lesmaestros_immo\\\/\"]},{\"@type\":\"Person\",\"@id\":\"https:\\\/\\\/www.lesmaestros.com\\\/blog\\\/#\\\/schema\\\/person\\\/129df87f8440133b9b93dec0b86118f8\",\"name\":\"lesmaestros\",\"image\":{\"@type\":\"ImageObject\",\"inLanguage\":\"fr-FR\",\"@id\":\"https:\\\/\\\/secure.gravatar.com\\\/avatar\\\/4572aba13401fd503fb130f26bba636b4990c5fd6b18021ae865cf04860b759b?s=96&d=mm&r=g\",\"url\":\"https:\\\/\\\/secure.gravatar.com\\\/avatar\\\/4572aba13401fd503fb130f26bba636b4990c5fd6b18021ae865cf04860b759b?s=96&d=mm&r=g\",\"contentUrl\":\"https:\\\/\\\/secure.gravatar.com\\\/avatar\\\/4572aba13401fd503fb130f26bba636b4990c5fd6b18021ae865cf04860b759b?s=96&d=mm&r=g\",\"caption\":\"lesmaestros\"},\"url\":\"https:\\\/\\\/www.lesmaestros.com\\\/blog\\\/author\\\/lesmaestros\\\/\"}]}<\/script>\n<!-- \/ Yoast SEO plugin. -->","yoast_head_json":{"title":"La Bretagne, une terre de l\u00e9gendes et d'\u00e9vasion pour des vacances inoubliables - Blog","robots":{"index":"index","follow":"follow","max-snippet":"max-snippet:-1","max-image-preview":"max-image-preview:large","max-video-preview":"max-video-preview:-1"},"canonical":"https:\/\/www.lesmaestros.com\/blog\/location-saisonniere-en-bretagne-villas-et-appartements-en-bretagne-vacances-en-bretagne-bord-de-mer-hebergements-de-luxe-en-bretagne-sejour-bretagne-vue-mer\/","og_locale":"fr_FR","og_type":"article","og_title":"La Bretagne, une terre de l\u00e9gendes et d'\u00e9vasion pour des vacances inoubliables - Blog","og_description":"La Bretagne, une terre de l\u00e9gendes et d&rsquo;\u00e9vasion pour des vacances inoubliables. La Bretagne est une r\u00e9gion unique, entre terre...","og_url":"https:\/\/www.lesmaestros.com\/blog\/location-saisonniere-en-bretagne-villas-et-appartements-en-bretagne-vacances-en-bretagne-bord-de-mer-hebergements-de-luxe-en-bretagne-sejour-bretagne-vue-mer\/","og_site_name":"Blog","article_publisher":"https:\/\/www.facebook.com\/LesMaestrosConciergerie","article_published_time":"2025-02-02T21:16:47+00:00","article_modified_time":"2025-02-02T21:17:32+00:00","og_image":[{"url":"https:\/\/www.lesmaestros.com\/blog\/wp-content\/uploads\/2025\/02\/4M3A8943-1920x630.jpg","type":"","width":"","height":""}],"author":"lesmaestros","twitter_card":"summary_large_image","twitter_misc":{"\u00c9crit par":"lesmaestros","Dur\u00e9e de lecture estim\u00e9e":"3 minutes"},"schema":{"@context":"https:\/\/schema.org","@graph":[{"@type":"Article","@id":"https:\/\/www.lesmaestros.com\/blog\/location-saisonniere-en-bretagne-villas-et-appartements-en-bretagne-vacances-en-bretagne-bord-de-mer-hebergements-de-luxe-en-bretagne-sejour-bretagne-vue-mer\/#article","isPartOf":{"@id":"https:\/\/www.lesmaestros.com\/blog\/location-saisonniere-en-bretagne-villas-et-appartements-en-bretagne-vacances-en-bretagne-bord-de-mer-hebergements-de-luxe-en-bretagne-sejour-bretagne-vue-mer\/"},"author":{"name":"lesmaestros","@id":"https:\/\/www.lesmaestros.com\/blog\/#\/schema\/person\/129df87f8440133b9b93dec0b86118f8"},"headline":"La Bretagne, une terre de l\u00e9gendes et d&rsquo;\u00e9vasion pour des vacances inoubliables","datePublished":"2025-02-02T21:16:47+00:00","dateModified":"2025-02-02T21:17:32+00:00","mainEntityOfPage":{"@id":"https:\/\/www.lesmaestros.com\/blog\/location-saisonniere-en-bretagne-villas-et-appartements-en-bretagne-vacances-en-bretagne-bord-de-mer-hebergements-de-luxe-en-bretagne-sejour-bretagne-vue-mer\/"},"wordCount":615,"commentCount":0,"publisher":{"@id":"https:\/\/www.lesmaestros.com\/blog\/#organization"},"image":{"@id":"https:\/\/www.lesmaestros.com\/blog\/location-saisonniere-en-bretagne-villas-et-appartements-en-bretagne-vacances-en-bretagne-bord-de-mer-hebergements-de-luxe-en-bretagne-sejour-bretagne-vue-mer\/#primaryimage"},"thumbnailUrl":"https:\/\/www.lesmaestros.com\/blog\/wp-content\/uploads\/2025\/02\/4M3A8943-1920x630.jpg","articleSection":["Non classifi\u00e9(e)"],"inLanguage":"fr-FR","potentialAction":[{"@type":"CommentAction","name":"Comment","target":["https:\/\/www.lesmaestros.com\/blog\/location-saisonniere-en-bretagne-villas-et-appartements-en-bretagne-vacances-en-bretagne-bord-de-mer-hebergements-de-luxe-en-bretagne-sejour-bretagne-vue-mer\/#respond"]}]},{"@type":"WebPage","@id":"https:\/\/www.lesmaestros.com\/blog\/location-saisonniere-en-bretagne-villas-et-appartements-en-bretagne-vacances-en-bretagne-bord-de-mer-hebergements-de-luxe-en-bretagne-sejour-bretagne-vue-mer\/","url":"https:\/\/www.lesmaestros.com\/blog\/location-saisonniere-en-bretagne-villas-et-appartements-en-bretagne-vacances-en-bretagne-bord-de-mer-hebergements-de-luxe-en-bretagne-sejour-bretagne-vue-mer\/","name":"La Bretagne, une terre de l\u00e9gendes et d'\u00e9vasion pour des vacances inoubliables - Blog","isPartOf":{"@id":"https:\/\/www.lesmaestros.com\/blog\/#website"},"primaryImageOfPage":{"@id":"https:\/\/www.lesmaestros.com\/blog\/location-saisonniere-en-bretagne-villas-et-appartements-en-bretagne-vacances-en-bretagne-bord-de-mer-hebergements-de-luxe-en-bretagne-sejour-bretagne-vue-mer\/#primaryimage"},"image":{"@id":"https:\/\/www.lesmaestros.com\/blog\/location-saisonniere-en-bretagne-villas-et-appartements-en-bretagne-vacances-en-bretagne-bord-de-mer-hebergements-de-luxe-en-bretagne-sejour-bretagne-vue-mer\/#primaryimage"},"thumbnailUrl":"https:\/\/www.lesmaestros.com\/blog\/wp-content\/uploads\/2025\/02\/4M3A8943-1920x630.jpg","datePublished":"2025-02-02T21:16:47+00:00","dateModified":"2025-02-02T21:17:32+00:00","breadcrumb":{"@id":"https:\/\/www.lesmaestros.com\/blog\/location-saisonniere-en-bretagne-villas-et-appartements-en-bretagne-vacances-en-bretagne-bord-de-mer-hebergements-de-luxe-en-bretagne-sejour-bretagne-vue-mer\/#breadcrumb"},"inLanguage":"fr-FR","potentialAction":[{"@type":"ReadAction","target":["https:\/\/www.lesmaestros.com\/blog\/location-saisonniere-en-bretagne-villas-et-appartements-en-bretagne-vacances-en-bretagne-bord-de-mer-hebergements-de-luxe-en-bretagne-sejour-bretagne-vue-mer\/"]}]},{"@type":"ImageObject","inLanguage":"fr-FR","@id":"https:\/\/www.lesmaestros.com\/blog\/location-saisonniere-en-bretagne-villas-et-appartements-en-bretagne-vacances-en-bretagne-bord-de-mer-hebergements-de-luxe-en-bretagne-sejour-bretagne-vue-mer\/#primaryimage","url":"https:\/\/www.lesmaestros.com\/blog\/wp-content\/uploads\/2025\/02\/4M3A8943-scaled.jpg","contentUrl":"https:\/\/www.lesmaestros.com\/blog\/wp-content\/uploads\/2025\/02\/4M3A8943-scaled.jpg","width":2560,"height":1440},{"@type":"BreadcrumbList","@id":"https:\/\/www.lesmaestros.com\/blog\/location-saisonniere-en-bretagne-villas-et-appartements-en-bretagne-vacances-en-bretagne-bord-de-mer-hebergements-de-luxe-en-bretagne-sejour-bretagne-vue-mer\/#breadcrumb","itemListElement":[{"@type":"ListItem","position":1,"name":"Portada","item":"https:\/\/www.lesmaestros.com\/blog\/"},{"@type":"ListItem","position":2,"name":"La Bretagne, une terre de l\u00e9gendes et d&rsquo;\u00e9vasion pour des vacances inoubliables"}]},{"@type":"WebSite","@id":"https:\/\/www.lesmaestros.com\/blog\/#website","url":"https:\/\/www.lesmaestros.com\/blog\/","name":"les maestros","description":"Les Maestros Immobilier","publisher":{"@id":"https:\/\/www.lesmaestros.com\/blog\/#organization"},"potentialAction":[{"@type":"SearchAction","target":{"@type":"EntryPoint","urlTemplate":"https:\/\/www.lesmaestros.com\/blog\/?s={search_term_string}"},"query-input":{"@type":"PropertyValueSpecification","valueRequired":true,"valueName":"search_term_string"}}],"inLanguage":"fr-FR"},{"@type":"Organization","@id":"https:\/\/www.lesmaestros.com\/blog\/#organization","name":"LES MAESTROS","url":"https:\/\/www.lesmaestros.com\/blog\/","logo":{"@type":"ImageObject","inLanguage":"fr-FR","@id":"https:\/\/www.lesmaestros.com\/blog\/#\/schema\/logo\/image\/","url":"https:\/\/www.lesmaestros.com\/blog\/wp-content\/uploads\/2024\/06\/mascotte.png","contentUrl":"https:\/\/www.lesmaestros.com\/blog\/wp-content\/uploads\/2024\/06\/mascotte.png","width":482,"height":482,"caption":"LES MAESTROS"},"image":{"@id":"https:\/\/www.lesmaestros.com\/blog\/#\/schema\/logo\/image\/"},"sameAs":["https:\/\/www.facebook.com\/LesMaestrosConciergerie","https:\/\/www.instagram.com\/lesmaestros_immo\/"]},{"@type":"Person","@id":"https:\/\/www.lesmaestros.com\/blog\/#\/schema\/person\/129df87f8440133b9b93dec0b86118f8","name":"lesmaestros","image":{"@type":"ImageObject","inLanguage":"fr-FR","@id":"https:\/\/secure.gravatar.com\/avatar\/4572aba13401fd503fb130f26bba636b4990c5fd6b18021ae865cf04860b759b?s=96&d=mm&r=g","url":"https:\/\/secure.gravatar.com\/avatar\/4572aba13401fd503fb130f26bba636b4990c5fd6b18021ae865cf04860b759b?s=96&d=mm&r=g","contentUrl":"https:\/\/secure.gravatar.com\/avatar\/4572aba13401fd503fb130f26bba636b4990c5fd6b18021ae865cf04860b759b?s=96&d=mm&r=g","caption":"lesmaestros"},"url":"https:\/\/www.lesmaestros.com\/blog\/author\/lesmaestros\/"}]}},"_links":{"self":[{"href":"https:\/\/www.lesmaestros.com\/blog\/wp-json\/wp\/v2\/posts\/236","targetHints":{"allow":["GET"]}}],"collection":[{"href":"https:\/\/www.lesmaestros.com\/blog\/wp-json\/wp\/v2\/posts"}],"about":[{"href":"https:\/\/www.lesmaestros.com\/blog\/wp-json\/wp\/v2\/types\/post"}],"author":[{"embeddable":true,"href":"https:\/\/www.lesmaestros.com\/blog\/wp-json\/wp\/v2\/users\/2"}],"replies":[{"embeddable":true,"href":"https:\/\/www.lesmaestros.com\/blog\/wp-json\/wp\/v2\/comments?post=236"}],"version-history":[{"count":1,"href":"https:\/\/www.lesmaestros.com\/blog\/wp-json\/wp\/v2\/posts\/236\/revisions"}],"predecessor-version":[{"id":240,"href":"https:\/\/www.lesmaestros.com\/blog\/wp-json\/wp\/v2\/posts\/236\/revisions\/240"}],"wp:attachment":[{"href":"https:\/\/www.lesmaestros.com\/blog\/wp-json\/wp\/v2\/media?parent=236"}],"wp:term":[{"taxonomy":"category","embeddable":true,"href":"https:\/\/www.lesmaestros.com\/blog\/wp-json\/wp\/v2\/categories?post=236"},{"taxonomy":"post_tag","embeddable":true,"href":"https:\/\/www.lesmaestros.com\/blog\/wp-json\/wp\/v2\/tags?post=236"}],"curies":[{"name":"wp","href":"https:\/\/api.w.org\/{rel}","templated":true}]}}