{"id":271,"date":"2025-05-05T21:57:13","date_gmt":"2025-05-05T21:57:13","guid":{"rendered":"https:\/\/www.lesmaestros.com\/blog\/?p=271"},"modified":"2025-05-05T23:18:40","modified_gmt":"2025-05-05T23:18:40","slug":"sejour-dexception-a-la-villa-port-lepine-vue-mer-panoramique-a-trelevern-cote-de-granit-rose","status":"publish","type":"post","link":"https:\/\/www.lesmaestros.com\/blog\/sejour-dexception-a-la-villa-port-lepine-vue-mer-panoramique-a-trelevern-cote-de-granit-rose\/","title":{"rendered":"S\u00e9jour d\u2019exception \u00e0 la Villa Port L\u2019\u00c9pine \u2013 Vue mer panoramique \u00e0 Tr\u00e9l\u00e9vern, C\u00f4te de Granit Rose"},"content":{"rendered":"\n<p>Nich\u00e9e sur la C\u00f4te de Granit Rose, \u00e0 seulement 10 minutes de Perros-Guirec, la Villa Port L\u2019\u00c9pine vous promet un s\u00e9jour inoubliable les pieds dans l\u2019eau. Avec sa&nbsp;<strong>vue panoramique sur la mer<\/strong>&nbsp;et son architecture baign\u00e9e de lumi\u00e8re, cette villa est le lieu r\u00eav\u00e9 pour des vacances entre amis ou en famille, dans un cadre naturel \u00e9poustouflant.<\/p>\n\n\n\n<figure class=\"wp-block-image size-large\"><img fetchpriority=\"high\" decoding=\"async\" width=\"1024\" height=\"630\" src=\"https:\/\/www.lesmaestros.com\/blog\/wp-content\/uploads\/2025\/05\/DJI_0299-1024x630.jpg\" alt=\"\" class=\"wp-image-272\"\/><\/figure>\n\n\n\n<hr class=\"wp-block-separator has-alpha-channel-opacity\"\/>\n\n\n\n<h3 class=\"wp-block-heading\">\ud83c\udfe1 Un cadre unique face \u00e0 la mer<\/h3>\n\n\n\n<p>D\u00e8s votre arriv\u00e9e, vous serez saisi par&nbsp;<strong>l\u2019omnipr\u00e9sence de la mer<\/strong>. Gr\u00e2ce \u00e0 ses grandes baies vitr\u00e9es, chaque pi\u00e8ce vous donne l\u2019impression d\u2019\u00eatre en parfaite harmonie avec l\u2019oc\u00e9an. Du lever au coucher du soleil, la lumi\u00e8re transforme les paysages, offrant un spectacle renouvel\u00e9 chaque jour.<\/p>\n\n\n\n<p>La&nbsp;<strong>d\u00e9coration \u00e9pur\u00e9e<\/strong>, les espaces ouverts et la chaleur des mat\u00e9riaux naturels renforcent cette sensation de s\u00e9r\u00e9nit\u00e9. Ici, on respire, on ralentit, on profite.<\/p>\n\n\n\n<figure class=\"wp-block-image size-large\"><img decoding=\"async\" width=\"1024\" height=\"630\" src=\"https:\/\/www.lesmaestros.com\/blog\/wp-content\/uploads\/2025\/05\/DSC_4642-2-1024x630.jpg\" alt=\"\" class=\"wp-image-275\"\/><\/figure>\n\n\n\n<hr class=\"wp-block-separator has-alpha-channel-opacity\"\/>\n\n\n\n<h3 class=\"wp-block-heading\">\ud83d\udecf\ufe0f La villa vous accueille avec confort et g\u00e9n\u00e9rosit\u00e9<\/h3>\n\n\n\n<p>La maison peut accueillir&nbsp;<strong>jusqu\u2019\u00e0 8 personnes<\/strong>, avec ses 4 chambres, sa mezzanine, et ses vastes espaces de vie. La configuration est id\u00e9ale pour se retrouver tout en laissant \u00e0 chacun son intimit\u00e9.<\/p>\n\n\n\n<figure class=\"wp-block-image size-large\"><img decoding=\"async\" width=\"1280\" height=\"630\" src=\"https:\/\/www.lesmaestros.com\/blog\/wp-content\/uploads\/2025\/05\/DJI_0304-1280x630.jpg\" alt=\"\" class=\"wp-image-278\"\/><figcaption class=\"wp-element-caption\">default<\/figcaption><\/figure>\n\n\n\n<ul class=\"wp-block-list\">\n<li><strong>Chambre 1 (RDC)<\/strong>&nbsp;: 1 lit double 160 cm + 1 lit d&rsquo;appoint en 140 cm, salle d\u2019eau et bureau.<\/li>\n\n\n\n<li><strong>Chambre 2 (\u00c9tage)<\/strong>&nbsp;: lit double 160 cm.<\/li>\n\n\n\n<li><strong>Chambre 3 (\u00c9tage)<\/strong>&nbsp;: lit double 140 cm.<\/li>\n\n\n\n<li><strong>Chambre 4 (\u00c9tage)<\/strong>&nbsp;: 2 lits simples en 80 cm.<\/li>\n\n\n\n<li><strong>Mezzanine<\/strong>&nbsp;: canap\u00e9-lit avec vue sur l\u2019oc\u00e9an.<\/li>\n\n\n\n<li><strong>Salle de bains<\/strong>&nbsp;avec douche et baignoire \u00e0 l\u2019\u00e9tage.<\/li>\n\n\n\n<li><strong>WC ind\u00e9pendants<\/strong>&nbsp;au rez-de-chauss\u00e9e et \u00e0 l\u2019\u00e9tage.<\/li>\n<\/ul>\n\n\n\n<hr class=\"wp-block-separator has-alpha-channel-opacity\"\/>\n\n\n\n<h3 class=\"wp-block-heading\">\ud83c\udf7d\ufe0f Des ext\u00e9rieurs pens\u00e9s pour la d\u00e9tente<\/h3>\n\n\n\n<figure class=\"wp-block-image size-large\"><img loading=\"lazy\" decoding=\"async\" width=\"1280\" height=\"630\" src=\"https:\/\/www.lesmaestros.com\/blog\/wp-content\/uploads\/2025\/05\/DSC_4657-1280x630.jpg\" alt=\"\" class=\"wp-image-281\"\/><\/figure>\n\n\n\n<p>C\u00f4t\u00e9 jardin, vous profitez d\u2019un&nbsp;<strong>espace clos<\/strong>, id\u00e9al pour les enfants. La&nbsp;<strong>terrasse expos\u00e9e plein sud<\/strong>&nbsp;accueille vos repas en plein air avec&nbsp;<strong>barbecue<\/strong>,&nbsp;<strong>salon de jardin<\/strong>,&nbsp;<strong>transats<\/strong>, et la mer en toile de fond.<\/p>\n\n\n\n<p>Pour les moments de loisirs :<\/p>\n\n\n\n<ul class=\"wp-block-list\">\n<li><strong>Table de ping-pong<\/strong><\/li>\n\n\n\n<li><strong>V\u00e9lo d\u2019appartement<\/strong><\/li>\n\n\n\n<li><strong>Chemin\u00e9e pour les soir\u00e9es cocooning<\/strong><\/li>\n\n\n\n<li><strong>Parking priv\u00e9<\/strong>&nbsp;pour plusieurs v\u00e9hicules<\/li>\n<\/ul>\n\n\n\n<p>Les amoureux de nature seront combl\u00e9s par les&nbsp;<strong>sentiers de randonn\u00e9e<\/strong>&nbsp;accessibles directement depuis la propri\u00e9t\u00e9.<\/p>\n\n\n\n<figure class=\"wp-block-image size-large\"><img loading=\"lazy\" decoding=\"async\" width=\"1280\" height=\"630\" src=\"https:\/\/www.lesmaestros.com\/blog\/wp-content\/uploads\/2025\/05\/DJI_0321-1280x630.jpg\" alt=\"\" class=\"wp-image-284\"\/><figcaption class=\"wp-element-caption\">default<\/figcaption><\/figure>\n\n\n\n<hr class=\"wp-block-separator has-alpha-channel-opacity\"\/>\n\n\n\n<h3 class=\"wp-block-heading\">\ud83c\udf3f Activit\u00e9s \u00e0 proximit\u00e9 imm\u00e9diate<\/h3>\n\n\n\n<p>La Villa Port L\u2019\u00c9pine est id\u00e9alement situ\u00e9e pour profiter de la r\u00e9gion :<\/p>\n\n\n\n<p><a href=\"https:\/\/www.bretagne-cotedegranitrose.com\">https:\/\/www.bretagne-cotedegranitrose.com<\/a><\/p>\n\n\n\n<ul class=\"wp-block-list\">\n<li><strong>Baignade, p\u00eache \u00e0 pied, longe-c\u00f4te, kayak, voile<\/strong>&nbsp;\u00e0 deux pas<\/li>\n\n\n\n<li>\u00c9cole de voile de Port Blanc \u00e0 10 min<\/li>\n\n\n\n<li>Plages, criques sauvages et balades sur le GR34<\/li>\n\n\n\n<li>March\u00e9s locaux, visites de Tr\u00e9guier, Plougrescant et Perros-Guirec<\/li>\n\n\n\n<li>L\u2019\u00eele de Br\u00e9hat \u00e0 30 min<\/li>\n<\/ul>\n\n\n\n<h3 class=\"wp-block-heading\">\ud83e\uddd8\u200d\u2640\ufe0f Services et \u00e9quipements \u00e0 disposition<\/h3>\n\n\n\n<p>Pour un s\u00e9jour sans contraintes, profitez de notre&nbsp;<strong>conciergerie sur mesure<\/strong>&nbsp;:<\/p>\n\n\n\n<ul class=\"wp-block-list\">\n<li>Livraison de repas, courses, v\u00e9los avant votre arriv\u00e9e.<\/li>\n\n\n\n<li>Organisation de&nbsp;<strong>massages \u00e0 domicile<\/strong>&nbsp;ou&nbsp;<strong>soir\u00e9es \u00e0 th\u00e8me<\/strong>&nbsp;(cr\u00eapes, anniversaires).<\/li>\n\n\n\n<li>R\u00e9servations d\u2019activit\u00e9s selon vos envies.<\/li>\n<\/ul>\n\n\n\n<hr class=\"wp-block-separator has-alpha-channel-opacity\"\/>\n\n\n\n<h3 class=\"wp-block-heading\">\u2139\ufe0f Informations Pratiques<\/h3>\n\n\n\n<ul class=\"wp-block-list\">\n<li>Capacit\u00e9 :&nbsp;<strong>8 personnes<\/strong><\/li>\n\n\n\n<li><strong>Animaux de compagnie<\/strong>&nbsp;accept\u00e9s apr\u00e8s demande.<\/li>\n\n\n\n<li><strong>Lits faits \u00e0 l\u2019arriv\u00e9e  (serviettes comprises)<\/strong><\/li>\n\n\n\n<li><strong>Parking priv\u00e9 s\u00e9curis\u00e9<\/strong><\/li>\n<\/ul>\n\n\n\n<hr class=\"wp-block-separator has-alpha-channel-opacity\"\/>\n\n\n\n<h3 class=\"wp-block-heading\">\u2705 Pourquoi Choisir la Villa Port l\u2019\u00c9pine ?<\/h3>\n\n\n\n<p>\u2714 Vue mer exceptionnelle sur Perros-Guirec<br>\u2714 Confort haut de gamme et prestations sur mesure<br>\u2714 Emplacement id\u00e9al pour d\u00e9couvrir la Bretagne nord<br>\u2714 Calme, intimit\u00e9, nature et acc\u00e8s direct aux activit\u00e9s<\/p>\n\n\n\n<figure class=\"wp-block-image size-large\"><img loading=\"lazy\" decoding=\"async\" width=\"1280\" height=\"630\" src=\"https:\/\/www.lesmaestros.com\/blog\/wp-content\/uploads\/2025\/05\/Vue-sur-Perros-Guirec-2-1280x630.jpg\" alt=\"\" class=\"wp-image-287\"\/><\/figure>\n\n\n\n<hr class=\"wp-block-separator has-alpha-channel-opacity\"\/>\n\n\n\n<h3 class=\"wp-block-heading\">\ud83d\udcc5 R\u00e9servez votre S\u00e9jour \u00e0 la Villa Port l\u2019\u00c9pine<\/h3>\n\n\n\n<p>Offrez-vous une&nbsp;<strong>parenth\u00e8se enchant\u00e9e entre terre et mer<\/strong>. Que ce soit pour des vacances d\u2019\u00e9t\u00e9, une semaine de d\u00e9connexion ou un s\u00e9jour \u00e0 la d\u00e9couverte des tr\u00e9sors bretons, la&nbsp;<strong>Villa Port l\u2019\u00c9pine<\/strong>&nbsp;vous promet une exp\u00e9rience unique sur la C\u00f4te de Granit Rose.<\/p>\n\n\n\n<hr class=\"wp-block-separator has-alpha-channel-opacity\"\/>\n\n\n\n<p>\ud83d\udca1&nbsp;<em>Pour toute question ou demande particuli\u00e8re, notre \u00e9quipe reste \u00e0 votre \u00e9coute pour vous accompagner dans la pr\u00e9paration de votre s\u00e9jour sur mesure.<\/em><\/p>\n\n\n\n<p><\/p>\n","protected":false},"excerpt":{"rendered":"<p>Nich\u00e9e sur la C\u00f4te de Granit Rose, \u00e0 seulement 10 minutes de Perros-Guirec, la Villa Port L\u2019\u00c9pine vous promet un&#8230;<\/p>\n","protected":false},"author":2,"featured_media":0,"comment_status":"open","ping_status":"closed","sticky":false,"template":"","format":"standard","meta":{"footnotes":""},"categories":[2],"tags":[],"class_list":["post-271","post","type-post","status-publish","format-standard","hentry","category-non-classifiee"],"yoast_head":"<!-- This site is optimized with the Yoast SEO plugin v27.5 - https:\/\/yoast.com\/product\/yoast-seo-wordpress\/ -->\n<title>S\u00e9jour d\u2019exception \u00e0 la Villa Port L\u2019\u00c9pine \u2013 Vue mer panoramique \u00e0 Tr\u00e9l\u00e9vern, C\u00f4te de Granit Rose - Blog<\/title>\n<meta name=\"robots\" content=\"index, follow, max-snippet:-1, max-image-preview:large, max-video-preview:-1\" \/>\n<link rel=\"canonical\" href=\"https:\/\/www.lesmaestros.com\/blog\/sejour-dexception-a-la-villa-port-lepine-vue-mer-panoramique-a-trelevern-cote-de-granit-rose\/\" \/>\n<meta property=\"og:locale\" content=\"fr_FR\" \/>\n<meta property=\"og:type\" content=\"article\" \/>\n<meta property=\"og:title\" content=\"S\u00e9jour d\u2019exception \u00e0 la Villa Port L\u2019\u00c9pine \u2013 Vue mer panoramique \u00e0 Tr\u00e9l\u00e9vern, C\u00f4te de Granit Rose - Blog\" \/>\n<meta property=\"og:description\" content=\"Nich\u00e9e sur la C\u00f4te de Granit Rose, \u00e0 seulement 10 minutes de Perros-Guirec, la Villa Port L\u2019\u00c9pine vous promet un...\" \/>\n<meta property=\"og:url\" content=\"https:\/\/www.lesmaestros.com\/blog\/sejour-dexception-a-la-villa-port-lepine-vue-mer-panoramique-a-trelevern-cote-de-granit-rose\/\" \/>\n<meta property=\"og:site_name\" content=\"Blog\" \/>\n<meta property=\"article:publisher\" content=\"https:\/\/www.facebook.com\/LesMaestrosConciergerie\" \/>\n<meta property=\"article:published_time\" content=\"2025-05-05T21:57:13+00:00\" \/>\n<meta property=\"article:modified_time\" content=\"2025-05-05T23:18:40+00:00\" \/>\n<meta property=\"og:image\" content=\"https:\/\/www.lesmaestros.com\/blog\/wp-content\/uploads\/2025\/05\/DJI_0299-1024x630.jpg\" \/>\n<meta name=\"author\" content=\"lesmaestros\" \/>\n<meta name=\"twitter:card\" content=\"summary_large_image\" \/>\n<meta name=\"twitter:label1\" content=\"\u00c9crit par\" \/>\n\t<meta name=\"twitter:data1\" content=\"lesmaestros\" \/>\n\t<meta name=\"twitter:label2\" content=\"Dur\u00e9e de lecture estim\u00e9e\" \/>\n\t<meta name=\"twitter:data2\" content=\"5 minutes\" \/>\n<script type=\"application\/ld+json\" class=\"yoast-schema-graph\">{\"@context\":\"https:\\\/\\\/schema.org\",\"@graph\":[{\"@type\":\"Article\",\"@id\":\"https:\\\/\\\/www.lesmaestros.com\\\/blog\\\/sejour-dexception-a-la-villa-port-lepine-vue-mer-panoramique-a-trelevern-cote-de-granit-rose\\\/#article\",\"isPartOf\":{\"@id\":\"https:\\\/\\\/www.lesmaestros.com\\\/blog\\\/sejour-dexception-a-la-villa-port-lepine-vue-mer-panoramique-a-trelevern-cote-de-granit-rose\\\/\"},\"author\":{\"name\":\"lesmaestros\",\"@id\":\"https:\\\/\\\/www.lesmaestros.com\\\/blog\\\/#\\\/schema\\\/person\\\/129df87f8440133b9b93dec0b86118f8\"},\"headline\":\"S\u00e9jour d\u2019exception \u00e0 la Villa Port L\u2019\u00c9pine \u2013 Vue mer panoramique \u00e0 Tr\u00e9l\u00e9vern, C\u00f4te de Granit Rose\",\"datePublished\":\"2025-05-05T21:57:13+00:00\",\"dateModified\":\"2025-05-05T23:18:40+00:00\",\"mainEntityOfPage\":{\"@id\":\"https:\\\/\\\/www.lesmaestros.com\\\/blog\\\/sejour-dexception-a-la-villa-port-lepine-vue-mer-panoramique-a-trelevern-cote-de-granit-rose\\\/\"},\"wordCount\":663,\"commentCount\":0,\"publisher\":{\"@id\":\"https:\\\/\\\/www.lesmaestros.com\\\/blog\\\/#organization\"},\"image\":{\"@id\":\"https:\\\/\\\/www.lesmaestros.com\\\/blog\\\/sejour-dexception-a-la-villa-port-lepine-vue-mer-panoramique-a-trelevern-cote-de-granit-rose\\\/#primaryimage\"},\"thumbnailUrl\":\"https:\\\/\\\/www.lesmaestros.com\\\/blog\\\/wp-content\\\/uploads\\\/2025\\\/05\\\/DJI_0299-1024x630.jpg\",\"articleSection\":[\"Non classifi\u00e9(e)\"],\"inLanguage\":\"fr-FR\",\"potentialAction\":[{\"@type\":\"CommentAction\",\"name\":\"Comment\",\"target\":[\"https:\\\/\\\/www.lesmaestros.com\\\/blog\\\/sejour-dexception-a-la-villa-port-lepine-vue-mer-panoramique-a-trelevern-cote-de-granit-rose\\\/#respond\"]}]},{\"@type\":\"WebPage\",\"@id\":\"https:\\\/\\\/www.lesmaestros.com\\\/blog\\\/sejour-dexception-a-la-villa-port-lepine-vue-mer-panoramique-a-trelevern-cote-de-granit-rose\\\/\",\"url\":\"https:\\\/\\\/www.lesmaestros.com\\\/blog\\\/sejour-dexception-a-la-villa-port-lepine-vue-mer-panoramique-a-trelevern-cote-de-granit-rose\\\/\",\"name\":\"S\u00e9jour d\u2019exception \u00e0 la Villa Port L\u2019\u00c9pine \u2013 Vue mer panoramique \u00e0 Tr\u00e9l\u00e9vern, C\u00f4te de Granit Rose - Blog\",\"isPartOf\":{\"@id\":\"https:\\\/\\\/www.lesmaestros.com\\\/blog\\\/#website\"},\"primaryImageOfPage\":{\"@id\":\"https:\\\/\\\/www.lesmaestros.com\\\/blog\\\/sejour-dexception-a-la-villa-port-lepine-vue-mer-panoramique-a-trelevern-cote-de-granit-rose\\\/#primaryimage\"},\"image\":{\"@id\":\"https:\\\/\\\/www.lesmaestros.com\\\/blog\\\/sejour-dexception-a-la-villa-port-lepine-vue-mer-panoramique-a-trelevern-cote-de-granit-rose\\\/#primaryimage\"},\"thumbnailUrl\":\"https:\\\/\\\/www.lesmaestros.com\\\/blog\\\/wp-content\\\/uploads\\\/2025\\\/05\\\/DJI_0299-1024x630.jpg\",\"datePublished\":\"2025-05-05T21:57:13+00:00\",\"dateModified\":\"2025-05-05T23:18:40+00:00\",\"breadcrumb\":{\"@id\":\"https:\\\/\\\/www.lesmaestros.com\\\/blog\\\/sejour-dexception-a-la-villa-port-lepine-vue-mer-panoramique-a-trelevern-cote-de-granit-rose\\\/#breadcrumb\"},\"inLanguage\":\"fr-FR\",\"potentialAction\":[{\"@type\":\"ReadAction\",\"target\":[\"https:\\\/\\\/www.lesmaestros.com\\\/blog\\\/sejour-dexception-a-la-villa-port-lepine-vue-mer-panoramique-a-trelevern-cote-de-granit-rose\\\/\"]}]},{\"@type\":\"ImageObject\",\"inLanguage\":\"fr-FR\",\"@id\":\"https:\\\/\\\/www.lesmaestros.com\\\/blog\\\/sejour-dexception-a-la-villa-port-lepine-vue-mer-panoramique-a-trelevern-cote-de-granit-rose\\\/#primaryimage\",\"url\":\"https:\\\/\\\/www.lesmaestros.com\\\/blog\\\/wp-content\\\/uploads\\\/2025\\\/05\\\/DJI_0299.jpg\",\"contentUrl\":\"https:\\\/\\\/www.lesmaestros.com\\\/blog\\\/wp-content\\\/uploads\\\/2025\\\/05\\\/DJI_0299.jpg\",\"width\":1024,\"height\":683,\"caption\":\"default\"},{\"@type\":\"BreadcrumbList\",\"@id\":\"https:\\\/\\\/www.lesmaestros.com\\\/blog\\\/sejour-dexception-a-la-villa-port-lepine-vue-mer-panoramique-a-trelevern-cote-de-granit-rose\\\/#breadcrumb\",\"itemListElement\":[{\"@type\":\"ListItem\",\"position\":1,\"name\":\"Portada\",\"item\":\"https:\\\/\\\/www.lesmaestros.com\\\/blog\\\/\"},{\"@type\":\"ListItem\",\"position\":2,\"name\":\"S\u00e9jour d\u2019exception \u00e0 la Villa Port L\u2019\u00c9pine \u2013 Vue mer panoramique \u00e0 Tr\u00e9l\u00e9vern, C\u00f4te de Granit Rose\"}]},{\"@type\":\"WebSite\",\"@id\":\"https:\\\/\\\/www.lesmaestros.com\\\/blog\\\/#website\",\"url\":\"https:\\\/\\\/www.lesmaestros.com\\\/blog\\\/\",\"name\":\"les maestros\",\"description\":\"Les Maestros Immobilier\",\"publisher\":{\"@id\":\"https:\\\/\\\/www.lesmaestros.com\\\/blog\\\/#organization\"},\"potentialAction\":[{\"@type\":\"SearchAction\",\"target\":{\"@type\":\"EntryPoint\",\"urlTemplate\":\"https:\\\/\\\/www.lesmaestros.com\\\/blog\\\/?s={search_term_string}\"},\"query-input\":{\"@type\":\"PropertyValueSpecification\",\"valueRequired\":true,\"valueName\":\"search_term_string\"}}],\"inLanguage\":\"fr-FR\"},{\"@type\":\"Organization\",\"@id\":\"https:\\\/\\\/www.lesmaestros.com\\\/blog\\\/#organization\",\"name\":\"LES MAESTROS\",\"url\":\"https:\\\/\\\/www.lesmaestros.com\\\/blog\\\/\",\"logo\":{\"@type\":\"ImageObject\",\"inLanguage\":\"fr-FR\",\"@id\":\"https:\\\/\\\/www.lesmaestros.com\\\/blog\\\/#\\\/schema\\\/logo\\\/image\\\/\",\"url\":\"https:\\\/\\\/www.lesmaestros.com\\\/blog\\\/wp-content\\\/uploads\\\/2024\\\/06\\\/mascotte.png\",\"contentUrl\":\"https:\\\/\\\/www.lesmaestros.com\\\/blog\\\/wp-content\\\/uploads\\\/2024\\\/06\\\/mascotte.png\",\"width\":482,\"height\":482,\"caption\":\"LES MAESTROS\"},\"image\":{\"@id\":\"https:\\\/\\\/www.lesmaestros.com\\\/blog\\\/#\\\/schema\\\/logo\\\/image\\\/\"},\"sameAs\":[\"https:\\\/\\\/www.facebook.com\\\/LesMaestrosConciergerie\",\"https:\\\/\\\/www.instagram.com\\\/lesmaestros_immo\\\/\"]},{\"@type\":\"Person\",\"@id\":\"https:\\\/\\\/www.lesmaestros.com\\\/blog\\\/#\\\/schema\\\/person\\\/129df87f8440133b9b93dec0b86118f8\",\"name\":\"lesmaestros\",\"image\":{\"@type\":\"ImageObject\",\"inLanguage\":\"fr-FR\",\"@id\":\"https:\\\/\\\/secure.gravatar.com\\\/avatar\\\/4572aba13401fd503fb130f26bba636b4990c5fd6b18021ae865cf04860b759b?s=96&d=mm&r=g\",\"url\":\"https:\\\/\\\/secure.gravatar.com\\\/avatar\\\/4572aba13401fd503fb130f26bba636b4990c5fd6b18021ae865cf04860b759b?s=96&d=mm&r=g\",\"contentUrl\":\"https:\\\/\\\/secure.gravatar.com\\\/avatar\\\/4572aba13401fd503fb130f26bba636b4990c5fd6b18021ae865cf04860b759b?s=96&d=mm&r=g\",\"caption\":\"lesmaestros\"},\"url\":\"https:\\\/\\\/www.lesmaestros.com\\\/blog\\\/author\\\/lesmaestros\\\/\"}]}<\/script>\n<!-- \/ Yoast SEO plugin. -->","yoast_head_json":{"title":"S\u00e9jour d\u2019exception \u00e0 la Villa Port L\u2019\u00c9pine \u2013 Vue mer panoramique \u00e0 Tr\u00e9l\u00e9vern, C\u00f4te de Granit Rose - Blog","robots":{"index":"index","follow":"follow","max-snippet":"max-snippet:-1","max-image-preview":"max-image-preview:large","max-video-preview":"max-video-preview:-1"},"canonical":"https:\/\/www.lesmaestros.com\/blog\/sejour-dexception-a-la-villa-port-lepine-vue-mer-panoramique-a-trelevern-cote-de-granit-rose\/","og_locale":"fr_FR","og_type":"article","og_title":"S\u00e9jour d\u2019exception \u00e0 la Villa Port L\u2019\u00c9pine \u2013 Vue mer panoramique \u00e0 Tr\u00e9l\u00e9vern, C\u00f4te de Granit Rose - Blog","og_description":"Nich\u00e9e sur la C\u00f4te de Granit Rose, \u00e0 seulement 10 minutes de Perros-Guirec, la Villa Port L\u2019\u00c9pine vous promet un...","og_url":"https:\/\/www.lesmaestros.com\/blog\/sejour-dexception-a-la-villa-port-lepine-vue-mer-panoramique-a-trelevern-cote-de-granit-rose\/","og_site_name":"Blog","article_publisher":"https:\/\/www.facebook.com\/LesMaestrosConciergerie","article_published_time":"2025-05-05T21:57:13+00:00","article_modified_time":"2025-05-05T23:18:40+00:00","og_image":[{"url":"https:\/\/www.lesmaestros.com\/blog\/wp-content\/uploads\/2025\/05\/DJI_0299-1024x630.jpg","type":"","width":"","height":""}],"author":"lesmaestros","twitter_card":"summary_large_image","twitter_misc":{"\u00c9crit par":"lesmaestros","Dur\u00e9e de lecture estim\u00e9e":"5 minutes"},"schema":{"@context":"https:\/\/schema.org","@graph":[{"@type":"Article","@id":"https:\/\/www.lesmaestros.com\/blog\/sejour-dexception-a-la-villa-port-lepine-vue-mer-panoramique-a-trelevern-cote-de-granit-rose\/#article","isPartOf":{"@id":"https:\/\/www.lesmaestros.com\/blog\/sejour-dexception-a-la-villa-port-lepine-vue-mer-panoramique-a-trelevern-cote-de-granit-rose\/"},"author":{"name":"lesmaestros","@id":"https:\/\/www.lesmaestros.com\/blog\/#\/schema\/person\/129df87f8440133b9b93dec0b86118f8"},"headline":"S\u00e9jour d\u2019exception \u00e0 la Villa Port L\u2019\u00c9pine \u2013 Vue mer panoramique \u00e0 Tr\u00e9l\u00e9vern, C\u00f4te de Granit Rose","datePublished":"2025-05-05T21:57:13+00:00","dateModified":"2025-05-05T23:18:40+00:00","mainEntityOfPage":{"@id":"https:\/\/www.lesmaestros.com\/blog\/sejour-dexception-a-la-villa-port-lepine-vue-mer-panoramique-a-trelevern-cote-de-granit-rose\/"},"wordCount":663,"commentCount":0,"publisher":{"@id":"https:\/\/www.lesmaestros.com\/blog\/#organization"},"image":{"@id":"https:\/\/www.lesmaestros.com\/blog\/sejour-dexception-a-la-villa-port-lepine-vue-mer-panoramique-a-trelevern-cote-de-granit-rose\/#primaryimage"},"thumbnailUrl":"https:\/\/www.lesmaestros.com\/blog\/wp-content\/uploads\/2025\/05\/DJI_0299-1024x630.jpg","articleSection":["Non classifi\u00e9(e)"],"inLanguage":"fr-FR","potentialAction":[{"@type":"CommentAction","name":"Comment","target":["https:\/\/www.lesmaestros.com\/blog\/sejour-dexception-a-la-villa-port-lepine-vue-mer-panoramique-a-trelevern-cote-de-granit-rose\/#respond"]}]},{"@type":"WebPage","@id":"https:\/\/www.lesmaestros.com\/blog\/sejour-dexception-a-la-villa-port-lepine-vue-mer-panoramique-a-trelevern-cote-de-granit-rose\/","url":"https:\/\/www.lesmaestros.com\/blog\/sejour-dexception-a-la-villa-port-lepine-vue-mer-panoramique-a-trelevern-cote-de-granit-rose\/","name":"S\u00e9jour d\u2019exception \u00e0 la Villa Port L\u2019\u00c9pine \u2013 Vue mer panoramique \u00e0 Tr\u00e9l\u00e9vern, C\u00f4te de Granit Rose - Blog","isPartOf":{"@id":"https:\/\/www.lesmaestros.com\/blog\/#website"},"primaryImageOfPage":{"@id":"https:\/\/www.lesmaestros.com\/blog\/sejour-dexception-a-la-villa-port-lepine-vue-mer-panoramique-a-trelevern-cote-de-granit-rose\/#primaryimage"},"image":{"@id":"https:\/\/www.lesmaestros.com\/blog\/sejour-dexception-a-la-villa-port-lepine-vue-mer-panoramique-a-trelevern-cote-de-granit-rose\/#primaryimage"},"thumbnailUrl":"https:\/\/www.lesmaestros.com\/blog\/wp-content\/uploads\/2025\/05\/DJI_0299-1024x630.jpg","datePublished":"2025-05-05T21:57:13+00:00","dateModified":"2025-05-05T23:18:40+00:00","breadcrumb":{"@id":"https:\/\/www.lesmaestros.com\/blog\/sejour-dexception-a-la-villa-port-lepine-vue-mer-panoramique-a-trelevern-cote-de-granit-rose\/#breadcrumb"},"inLanguage":"fr-FR","potentialAction":[{"@type":"ReadAction","target":["https:\/\/www.lesmaestros.com\/blog\/sejour-dexception-a-la-villa-port-lepine-vue-mer-panoramique-a-trelevern-cote-de-granit-rose\/"]}]},{"@type":"ImageObject","inLanguage":"fr-FR","@id":"https:\/\/www.lesmaestros.com\/blog\/sejour-dexception-a-la-villa-port-lepine-vue-mer-panoramique-a-trelevern-cote-de-granit-rose\/#primaryimage","url":"https:\/\/www.lesmaestros.com\/blog\/wp-content\/uploads\/2025\/05\/DJI_0299.jpg","contentUrl":"https:\/\/www.lesmaestros.com\/blog\/wp-content\/uploads\/2025\/05\/DJI_0299.jpg","width":1024,"height":683,"caption":"default"},{"@type":"BreadcrumbList","@id":"https:\/\/www.lesmaestros.com\/blog\/sejour-dexception-a-la-villa-port-lepine-vue-mer-panoramique-a-trelevern-cote-de-granit-rose\/#breadcrumb","itemListElement":[{"@type":"ListItem","position":1,"name":"Portada","item":"https:\/\/www.lesmaestros.com\/blog\/"},{"@type":"ListItem","position":2,"name":"S\u00e9jour d\u2019exception \u00e0 la Villa Port L\u2019\u00c9pine \u2013 Vue mer panoramique \u00e0 Tr\u00e9l\u00e9vern, C\u00f4te de Granit Rose"}]},{"@type":"WebSite","@id":"https:\/\/www.lesmaestros.com\/blog\/#website","url":"https:\/\/www.lesmaestros.com\/blog\/","name":"les maestros","description":"Les Maestros Immobilier","publisher":{"@id":"https:\/\/www.lesmaestros.com\/blog\/#organization"},"potentialAction":[{"@type":"SearchAction","target":{"@type":"EntryPoint","urlTemplate":"https:\/\/www.lesmaestros.com\/blog\/?s={search_term_string}"},"query-input":{"@type":"PropertyValueSpecification","valueRequired":true,"valueName":"search_term_string"}}],"inLanguage":"fr-FR"},{"@type":"Organization","@id":"https:\/\/www.lesmaestros.com\/blog\/#organization","name":"LES MAESTROS","url":"https:\/\/www.lesmaestros.com\/blog\/","logo":{"@type":"ImageObject","inLanguage":"fr-FR","@id":"https:\/\/www.lesmaestros.com\/blog\/#\/schema\/logo\/image\/","url":"https:\/\/www.lesmaestros.com\/blog\/wp-content\/uploads\/2024\/06\/mascotte.png","contentUrl":"https:\/\/www.lesmaestros.com\/blog\/wp-content\/uploads\/2024\/06\/mascotte.png","width":482,"height":482,"caption":"LES MAESTROS"},"image":{"@id":"https:\/\/www.lesmaestros.com\/blog\/#\/schema\/logo\/image\/"},"sameAs":["https:\/\/www.facebook.com\/LesMaestrosConciergerie","https:\/\/www.instagram.com\/lesmaestros_immo\/"]},{"@type":"Person","@id":"https:\/\/www.lesmaestros.com\/blog\/#\/schema\/person\/129df87f8440133b9b93dec0b86118f8","name":"lesmaestros","image":{"@type":"ImageObject","inLanguage":"fr-FR","@id":"https:\/\/secure.gravatar.com\/avatar\/4572aba13401fd503fb130f26bba636b4990c5fd6b18021ae865cf04860b759b?s=96&d=mm&r=g","url":"https:\/\/secure.gravatar.com\/avatar\/4572aba13401fd503fb130f26bba636b4990c5fd6b18021ae865cf04860b759b?s=96&d=mm&r=g","contentUrl":"https:\/\/secure.gravatar.com\/avatar\/4572aba13401fd503fb130f26bba636b4990c5fd6b18021ae865cf04860b759b?s=96&d=mm&r=g","caption":"lesmaestros"},"url":"https:\/\/www.lesmaestros.com\/blog\/author\/lesmaestros\/"}]}},"_links":{"self":[{"href":"https:\/\/www.lesmaestros.com\/blog\/wp-json\/wp\/v2\/posts\/271","targetHints":{"allow":["GET"]}}],"collection":[{"href":"https:\/\/www.lesmaestros.com\/blog\/wp-json\/wp\/v2\/posts"}],"about":[{"href":"https:\/\/www.lesmaestros.com\/blog\/wp-json\/wp\/v2\/types\/post"}],"author":[{"embeddable":true,"href":"https:\/\/www.lesmaestros.com\/blog\/wp-json\/wp\/v2\/users\/2"}],"replies":[{"embeddable":true,"href":"https:\/\/www.lesmaestros.com\/blog\/wp-json\/wp\/v2\/comments?post=271"}],"version-history":[{"count":3,"href":"https:\/\/www.lesmaestros.com\/blog\/wp-json\/wp\/v2\/posts\/271\/revisions"}],"predecessor-version":[{"id":293,"href":"https:\/\/www.lesmaestros.com\/blog\/wp-json\/wp\/v2\/posts\/271\/revisions\/293"}],"wp:attachment":[{"href":"https:\/\/www.lesmaestros.com\/blog\/wp-json\/wp\/v2\/media?parent=271"}],"wp:term":[{"taxonomy":"category","embeddable":true,"href":"https:\/\/www.lesmaestros.com\/blog\/wp-json\/wp\/v2\/categories?post=271"},{"taxonomy":"post_tag","embeddable":true,"href":"https:\/\/www.lesmaestros.com\/blog\/wp-json\/wp\/v2\/tags?post=271"}],"curies":[{"name":"wp","href":"https:\/\/api.w.org\/{rel}","templated":true}]}}