{"id":36,"date":"2025-01-22T20:36:59","date_gmt":"2025-01-22T20:36:59","guid":{"rendered":"https:\/\/www.lesmaestros.com\/blog\/?p=36"},"modified":"2025-01-22T20:37:00","modified_gmt":"2025-01-22T20:37:00","slug":"le-clos-minard-location-villa-en-bretagne","status":"publish","type":"post","link":"https:\/\/www.lesmaestros.com\/blog\/le-clos-minard-location-villa-en-bretagne\/","title":{"rendered":"Le Clos Minard &#8211; Location Villa en Bretagne"},"content":{"rendered":"\n<figure class=\"wp-block-image size-large\"><img fetchpriority=\"high\" decoding=\"async\" width=\"1344\" height=\"630\" src=\"https:\/\/www.lesmaestros.com\/blog\/wp-content\/uploads\/2025\/01\/PHOTO-2024-11-14-09-55-22-1344x630.jpg\" alt=\"\" class=\"wp-image-37\"\/><\/figure>\n\n\n\n<p><strong>\u00c9vadez-vous \u00e0 la Pointe de Minard : Une Villa d\u2019Exception au C\u0153ur de la Bretagne<\/strong><\/p>\n\n\n\n<p>Imaginez-vous au bout du monde, sur une pointe sauvage o\u00f9 la mer et la terre se rencontrent pour offrir un spectacle naturel \u00e0 couper le souffle. Bienvenue \u00e0 la pointe de Minard, \u00e0 Plou\u00e9zec, un joyau nich\u00e9 entre l\u2019\u00eele de Br\u00e9hat et Paimpol. C\u2019est ici que se dresse une villa d\u2019exception, un havre de paix conjuguant luxe, confort, et authenticit\u00e9 bretonne. Cette maison, unique en son genre, est une invitation au d\u00e9paysement total.<\/p>\n\n\n\n<figure class=\"wp-block-gallery has-nested-images columns-default is-cropped wp-block-gallery-1 is-layout-flex wp-block-gallery-is-layout-flex\"><\/figure>\n\n\n\n<h3 class=\"wp-block-heading\"><strong>\u00c9vadez-vous \u00e0 la Pointe de Minard : Une Villa d\u2019Exception au C\u0153ur de la Bretagne<\/strong><\/h3>\n\n\n\n<p>Imaginez-vous au bout du monde, sur une pointe sauvage o\u00f9 la mer et la terre se rencontrent pour offrir un spectacle naturel \u00e0 couper le souffle. Bienvenue \u00e0 la pointe de Minard, \u00e0 Plou\u00e9zec, un joyau nich\u00e9 entre l\u2019\u00eele de Br\u00e9hat et Paimpol. C\u2019est ici que se dresse une villa d\u2019exception, un havre de paix conjuguant luxe, confort, et authenticit\u00e9 bretonne. Cette maison, unique en son genre, est une invitation au d\u00e9paysement total.<\/p>\n\n\n\n<figure class=\"wp-block-image size-large\"><img decoding=\"async\" width=\"1920\" height=\"630\" src=\"https:\/\/www.lesmaestros.com\/blog\/wp-content\/uploads\/2025\/01\/4M3A8971-1920x630.jpg\" alt=\"\" class=\"wp-image-76\"\/><\/figure>\n\n\n\n<h3 class=\"wp-block-heading\"><strong>Un Cadre Naturel Unique<\/strong><\/h3>\n\n\n\n<p>La villa b\u00e9n\u00e9ficie d\u2019un emplacement incomparable. Situ\u00e9e \u00e0 la pointe de Minard, elle est la derni\u00e8re maison de cette langue de terre, offrant une intimit\u00e9 absolue et une vue panoramique sur l\u2019oc\u00e9an. Imaginez commencer vos journ\u00e9es par une balade sur les sentiers de randonn\u00e9e accessibles directement depuis la propri\u00e9t\u00e9, et les terminer en admirant le coucher du soleil depuis votre terrasse priv\u00e9e. La proximit\u00e9 de lieux embl\u00e9matiques tels que l\u2019\u00eele de Br\u00e9hat et le port pittoresque de Paimpol ajoute une dimension suppl\u00e9mentaire \u00e0 ce cadre d\u2019exception.<\/p>\n\n\n\n<figure class=\"wp-block-image size-large\"><img decoding=\"async\" width=\"1920\" height=\"630\" src=\"https:\/\/www.lesmaestros.com\/blog\/wp-content\/uploads\/2025\/01\/4M3A9116-1920x630.jpg\" alt=\"\" class=\"wp-image-46\"\/><\/figure>\n\n\n\n<figure class=\"wp-block-image size-large\"><img loading=\"lazy\" decoding=\"async\" width=\"1920\" height=\"630\" src=\"https:\/\/www.lesmaestros.com\/blog\/wp-content\/uploads\/2025\/01\/4M3A8982-1920x630.jpg\" alt=\"\" class=\"wp-image-70\"\/><\/figure>\n\n\n\n<figure class=\"wp-block-image size-large\"><img loading=\"lazy\" decoding=\"async\" width=\"1920\" height=\"630\" src=\"https:\/\/www.lesmaestros.com\/blog\/wp-content\/uploads\/2025\/01\/4M3A8975-1920x630.jpg\" alt=\"\" class=\"wp-image-73\"\/><\/figure>\n\n\n\n<h3 class=\"wp-block-heading\"><strong>Une Maison Pens\u00e9e pour le Bien-\u00eatre<\/strong><\/h3>\n\n\n\n<p>R\u00e9cemment r\u00e9nov\u00e9e avec soin, la villa allie modernit\u00e9 et charme authentique. Chaque d\u00e9tail a \u00e9t\u00e9 pens\u00e9 pour offrir un confort optimal :<\/p>\n\n\n\n<figure class=\"wp-block-image size-large\"><img loading=\"lazy\" decoding=\"async\" width=\"1920\" height=\"630\" src=\"https:\/\/www.lesmaestros.com\/blog\/wp-content\/uploads\/2025\/01\/4M3A8753-HDR-1920x630.jpg\" alt=\"\" class=\"wp-image-49\"\/><\/figure>\n\n\n\n<figure class=\"wp-block-image size-large\"><img loading=\"lazy\" decoding=\"async\" width=\"1920\" height=\"630\" src=\"https:\/\/www.lesmaestros.com\/blog\/wp-content\/uploads\/2025\/01\/4M3A8843-HDR-1920x630.jpg\" alt=\"\" class=\"wp-image-52\"\/><\/figure>\n\n\n\n<figure class=\"wp-block-image size-large\"><img loading=\"lazy\" decoding=\"async\" width=\"1920\" height=\"630\" src=\"https:\/\/www.lesmaestros.com\/blog\/wp-content\/uploads\/2025\/01\/4M3A8834-HDR-Avec-accentuation-Bruit-1920x630.jpg\" alt=\"\" class=\"wp-image-55\"\/><\/figure>\n\n\n\n<ul class=\"wp-block-list\">\n<li><strong>5 chambres spacieuses<\/strong>\u00a0: Chaque chambre est un cocon de s\u00e9r\u00e9nit\u00e9, d\u00e9cor\u00e9e avec \u00e9l\u00e9gance pour cr\u00e9er une ambiance chaleureuse et raffin\u00e9e.<\/li>\n\n\n\n<li><strong>5 salles de bains modernes<\/strong>\u00a0: Offrant tout le confort n\u00e9cessaire pour des matin\u00e9es sans stress, m\u00eame avec une grande famille ou un groupe d\u2019amis.<\/li>\n\n\n\n<li><strong>Une vaste pi\u00e8ce \u00e0 vivre lumineuse<\/strong>\u00a0: Cet espace ouvert est le c\u0153ur de la maison, avec une cuisine enti\u00e8rement \u00e9quip\u00e9e o\u00f9 vous pourrez pr\u00e9parer des repas conviviaux tout en profitant de la vue sur la mer.<\/li>\n\n\n\n<li><strong>Une piscine int\u00e9rieure chauff\u00e9e<\/strong>\u00a0: Pour des instants de d\u00e9tente en toute saison, que vous soyez de passage en \u00e9t\u00e9 ou en hiver.<\/li>\n\n\n\n<li><strong>Un grand terrain priv\u00e9<\/strong>\u00a0: Parfait pour se ressourcer au contact de la nature, tout en profitant d\u2019une intim\u00e9 absolue.<\/li>\n<\/ul>\n\n\n\n<figure class=\"wp-block-image size-large\"><img loading=\"lazy\" decoding=\"async\" width=\"1920\" height=\"630\" src=\"https:\/\/www.lesmaestros.com\/blog\/wp-content\/uploads\/2025\/01\/4M3A9086-HDR-1920x630.jpg\" alt=\"\" class=\"wp-image-58\"\/><\/figure>\n\n\n\n<figure class=\"wp-block-image size-large\"><img loading=\"lazy\" decoding=\"async\" width=\"1920\" height=\"630\" src=\"https:\/\/www.lesmaestros.com\/blog\/wp-content\/uploads\/2025\/01\/4M3A9092-HDR-1920x630.jpg\" alt=\"\" class=\"wp-image-61\"\/><\/figure>\n\n\n\n<h3 class=\"wp-block-heading\"><strong>Luxe et Authenticit\u00e9 Bretons<\/strong><\/h3>\n\n\n\n<p>Cette villa est plus qu\u2019une simple maison de vacances : c\u2019est une exp\u00e9rience en soi. Sa r\u00e9novation r\u00e9cente a su pr\u00e9server l\u2019\u00e2me des lieux tout en y int\u00e9grant des prestations haut de gamme. Les mat\u00e9riaux nobles, les finitions impeccables, et les \u00e9quipements modernes t\u00e9moignent d\u2019un souci du d\u00e9tail qui ravira les voyageurs les plus exigeants.<\/p>\n\n\n\n<figure class=\"wp-block-image size-large\"><img loading=\"lazy\" decoding=\"async\" width=\"1920\" height=\"630\" src=\"https:\/\/www.lesmaestros.com\/blog\/wp-content\/uploads\/2025\/01\/4M3A9077-HDR-1920x630.jpg\" alt=\"\" class=\"wp-image-64\"\/><\/figure>\n\n\n\n<figure class=\"wp-block-image size-large\"><img loading=\"lazy\" decoding=\"async\" width=\"1920\" height=\"630\" src=\"https:\/\/www.lesmaestros.com\/blog\/wp-content\/uploads\/2025\/01\/4M3A8866-HDR-1920x630.jpg\" alt=\"\" class=\"wp-image-43\"\/><\/figure>\n\n\n\n<figure class=\"wp-block-image size-large\"><img loading=\"lazy\" decoding=\"async\" width=\"1920\" height=\"630\" src=\"https:\/\/www.lesmaestros.com\/blog\/wp-content\/uploads\/2025\/01\/4M3A8896-HDR-1920x630.jpg\" alt=\"\" class=\"wp-image-67\"\/><\/figure>\n\n\n\n<figure class=\"wp-block-image size-large\"><img loading=\"lazy\" decoding=\"async\" width=\"1920\" height=\"630\" src=\"https:\/\/www.lesmaestros.com\/blog\/wp-content\/uploads\/2025\/01\/4M3A8892-HDR-1920x630.jpg\" alt=\"\" class=\"wp-image-79\"\/><\/figure>\n\n\n\n<h3 class=\"wp-block-heading\"><strong>Pourquoi Choisir Cette Villa ?<\/strong><\/h3>\n\n\n\n<ol start=\"1\" class=\"wp-block-list\">\n<li><strong>Emplacement exceptionnel<\/strong>\u00a0: Une vue imprenable sur la mer et une proximit\u00e9 imm\u00e9diate avec des sites incontournables de la Bretagne.<\/li>\n\n\n\n<li><strong>Confort haut de gamme<\/strong>\u00a0: 5 chambres, 5 salles de bains, et une piscine int\u00e9rieure pour des vacances tout confort.<\/li>\n\n\n\n<li><strong>Activit\u00e9s vari\u00e9es<\/strong>\u00a0: Randonn\u00e9es, visites culturelles, exploration de la c\u00f4te de Granit Rose ou de l\u2019\u00eele de Br\u00e9hat.<\/li>\n\n\n\n<li><strong>Raret\u00e9<\/strong>\u00a0: Une maison de cette qualit\u00e9, dans un tel cadre, est une v\u00e9ritable perle rare en Bretagne.<\/li>\n<\/ol>\n\n\n\n<figure class=\"wp-block-image size-large\"><img loading=\"lazy\" decoding=\"async\" width=\"1920\" height=\"630\" src=\"https:\/\/www.lesmaestros.com\/blog\/wp-content\/uploads\/2025\/01\/4M3A8959-1920x630.jpg\" alt=\"\" class=\"wp-image-82\"\/><\/figure>\n\n\n\n<h3 class=\"wp-block-heading\"><strong>R\u00e9servez Votre S\u00e9jour<\/strong><\/h3>\n\n\n\n<p>Offrez-vous le privil\u00e8ge de vivre des moments inoubliables dans une maison d\u2019exception. Que ce soit pour une escapade en famille, une r\u00e9union entre amis ou un moment de d\u00e9tente loin du tumulte, cette villa saura combler toutes vos attentes.<\/p>\n\n\n\n<p>N\u2019attendez plus pour d\u00e9couvrir cette propri\u00e9t\u00e9 unique. Contactez-nous d\u00e8s aujourd\u2019hui pour r\u00e9server votre s\u00e9jour et plonger dans l\u2019essence m\u00eame de la Bretagne, entre terre et mer.<\/p>\n\n\n\n<figure class=\"wp-block-image size-large\"><img loading=\"lazy\" decoding=\"async\" width=\"1920\" height=\"630\" src=\"https:\/\/www.lesmaestros.com\/blog\/wp-content\/uploads\/2025\/01\/4M3A8976-1920x630.jpg\" alt=\"\" class=\"wp-image-85\"\/><\/figure>\n\n\n\n<p><\/p>\n","protected":false},"excerpt":{"rendered":"<p>\u00c9vadez-vous \u00e0 la Pointe de Minard : Une Villa d\u2019Exception au C\u0153ur de la Bretagne Imaginez-vous au bout du monde,&#8230;<\/p>\n","protected":false},"author":2,"featured_media":0,"comment_status":"open","ping_status":"closed","sticky":false,"template":"","format":"standard","meta":{"footnotes":""},"categories":[2],"tags":[],"class_list":["post-36","post","type-post","status-publish","format-standard","hentry","category-non-classifiee"],"yoast_head":"<!-- This site is optimized with the Yoast SEO plugin v27.5 - https:\/\/yoast.com\/product\/yoast-seo-wordpress\/ -->\n<title>Le Clos Minard - Location Villa en Bretagne - Blog<\/title>\n<meta name=\"robots\" content=\"index, follow, max-snippet:-1, max-image-preview:large, max-video-preview:-1\" \/>\n<link rel=\"canonical\" href=\"https:\/\/www.lesmaestros.com\/blog\/le-clos-minard-location-villa-en-bretagne\/\" \/>\n<meta property=\"og:locale\" content=\"fr_FR\" \/>\n<meta property=\"og:type\" content=\"article\" \/>\n<meta property=\"og:title\" content=\"Le Clos Minard - Location Villa en Bretagne - Blog\" \/>\n<meta property=\"og:description\" content=\"\u00c9vadez-vous \u00e0 la Pointe de Minard : Une Villa d\u2019Exception au C\u0153ur de la Bretagne Imaginez-vous au bout du monde,...\" \/>\n<meta property=\"og:url\" content=\"https:\/\/www.lesmaestros.com\/blog\/le-clos-minard-location-villa-en-bretagne\/\" \/>\n<meta property=\"og:site_name\" content=\"Blog\" \/>\n<meta property=\"article:publisher\" content=\"https:\/\/www.facebook.com\/LesMaestrosConciergerie\" \/>\n<meta property=\"article:published_time\" content=\"2025-01-22T20:36:59+00:00\" \/>\n<meta property=\"article:modified_time\" content=\"2025-01-22T20:37:00+00:00\" \/>\n<meta property=\"og:image\" content=\"https:\/\/www.lesmaestros.com\/blog\/wp-content\/uploads\/2025\/01\/PHOTO-2024-11-14-09-55-22-1344x630.jpg\" \/>\n<meta name=\"author\" content=\"lesmaestros\" \/>\n<meta name=\"twitter:card\" content=\"summary_large_image\" \/>\n<meta name=\"twitter:label1\" content=\"\u00c9crit par\" \/>\n\t<meta name=\"twitter:data1\" content=\"lesmaestros\" \/>\n\t<meta name=\"twitter:label2\" content=\"Dur\u00e9e de lecture estim\u00e9e\" \/>\n\t<meta name=\"twitter:data2\" content=\"7 minutes\" \/>\n<script type=\"application\/ld+json\" class=\"yoast-schema-graph\">{\"@context\":\"https:\\\/\\\/schema.org\",\"@graph\":[{\"@type\":\"Article\",\"@id\":\"https:\\\/\\\/www.lesmaestros.com\\\/blog\\\/le-clos-minard-location-villa-en-bretagne\\\/#article\",\"isPartOf\":{\"@id\":\"https:\\\/\\\/www.lesmaestros.com\\\/blog\\\/le-clos-minard-location-villa-en-bretagne\\\/\"},\"author\":{\"name\":\"lesmaestros\",\"@id\":\"https:\\\/\\\/www.lesmaestros.com\\\/blog\\\/#\\\/schema\\\/person\\\/129df87f8440133b9b93dec0b86118f8\"},\"headline\":\"Le Clos Minard &#8211; Location Villa en Bretagne\",\"datePublished\":\"2025-01-22T20:36:59+00:00\",\"dateModified\":\"2025-01-22T20:37:00+00:00\",\"mainEntityOfPage\":{\"@id\":\"https:\\\/\\\/www.lesmaestros.com\\\/blog\\\/le-clos-minard-location-villa-en-bretagne\\\/\"},\"wordCount\":701,\"commentCount\":0,\"publisher\":{\"@id\":\"https:\\\/\\\/www.lesmaestros.com\\\/blog\\\/#organization\"},\"image\":{\"@id\":\"https:\\\/\\\/www.lesmaestros.com\\\/blog\\\/le-clos-minard-location-villa-en-bretagne\\\/#primaryimage\"},\"thumbnailUrl\":\"https:\\\/\\\/www.lesmaestros.com\\\/blog\\\/wp-content\\\/uploads\\\/2025\\\/01\\\/PHOTO-2024-11-14-09-55-22-1344x630.jpg\",\"articleSection\":[\"Non classifi\u00e9(e)\"],\"inLanguage\":\"fr-FR\",\"potentialAction\":[{\"@type\":\"CommentAction\",\"name\":\"Comment\",\"target\":[\"https:\\\/\\\/www.lesmaestros.com\\\/blog\\\/le-clos-minard-location-villa-en-bretagne\\\/#respond\"]}]},{\"@type\":\"WebPage\",\"@id\":\"https:\\\/\\\/www.lesmaestros.com\\\/blog\\\/le-clos-minard-location-villa-en-bretagne\\\/\",\"url\":\"https:\\\/\\\/www.lesmaestros.com\\\/blog\\\/le-clos-minard-location-villa-en-bretagne\\\/\",\"name\":\"Le Clos Minard - Location Villa en Bretagne - Blog\",\"isPartOf\":{\"@id\":\"https:\\\/\\\/www.lesmaestros.com\\\/blog\\\/#website\"},\"primaryImageOfPage\":{\"@id\":\"https:\\\/\\\/www.lesmaestros.com\\\/blog\\\/le-clos-minard-location-villa-en-bretagne\\\/#primaryimage\"},\"image\":{\"@id\":\"https:\\\/\\\/www.lesmaestros.com\\\/blog\\\/le-clos-minard-location-villa-en-bretagne\\\/#primaryimage\"},\"thumbnailUrl\":\"https:\\\/\\\/www.lesmaestros.com\\\/blog\\\/wp-content\\\/uploads\\\/2025\\\/01\\\/PHOTO-2024-11-14-09-55-22-1344x630.jpg\",\"datePublished\":\"2025-01-22T20:36:59+00:00\",\"dateModified\":\"2025-01-22T20:37:00+00:00\",\"breadcrumb\":{\"@id\":\"https:\\\/\\\/www.lesmaestros.com\\\/blog\\\/le-clos-minard-location-villa-en-bretagne\\\/#breadcrumb\"},\"inLanguage\":\"fr-FR\",\"potentialAction\":[{\"@type\":\"ReadAction\",\"target\":[\"https:\\\/\\\/www.lesmaestros.com\\\/blog\\\/le-clos-minard-location-villa-en-bretagne\\\/\"]}]},{\"@type\":\"ImageObject\",\"inLanguage\":\"fr-FR\",\"@id\":\"https:\\\/\\\/www.lesmaestros.com\\\/blog\\\/le-clos-minard-location-villa-en-bretagne\\\/#primaryimage\",\"url\":\"https:\\\/\\\/www.lesmaestros.com\\\/blog\\\/wp-content\\\/uploads\\\/2025\\\/01\\\/PHOTO-2024-11-14-09-55-22.jpg\",\"contentUrl\":\"https:\\\/\\\/www.lesmaestros.com\\\/blog\\\/wp-content\\\/uploads\\\/2025\\\/01\\\/PHOTO-2024-11-14-09-55-22.jpg\",\"width\":1344,\"height\":756},{\"@type\":\"BreadcrumbList\",\"@id\":\"https:\\\/\\\/www.lesmaestros.com\\\/blog\\\/le-clos-minard-location-villa-en-bretagne\\\/#breadcrumb\",\"itemListElement\":[{\"@type\":\"ListItem\",\"position\":1,\"name\":\"Portada\",\"item\":\"https:\\\/\\\/www.lesmaestros.com\\\/blog\\\/\"},{\"@type\":\"ListItem\",\"position\":2,\"name\":\"Le Clos Minard &#8211; Location Villa en Bretagne\"}]},{\"@type\":\"WebSite\",\"@id\":\"https:\\\/\\\/www.lesmaestros.com\\\/blog\\\/#website\",\"url\":\"https:\\\/\\\/www.lesmaestros.com\\\/blog\\\/\",\"name\":\"les maestros\",\"description\":\"Les Maestros Immobilier\",\"publisher\":{\"@id\":\"https:\\\/\\\/www.lesmaestros.com\\\/blog\\\/#organization\"},\"potentialAction\":[{\"@type\":\"SearchAction\",\"target\":{\"@type\":\"EntryPoint\",\"urlTemplate\":\"https:\\\/\\\/www.lesmaestros.com\\\/blog\\\/?s={search_term_string}\"},\"query-input\":{\"@type\":\"PropertyValueSpecification\",\"valueRequired\":true,\"valueName\":\"search_term_string\"}}],\"inLanguage\":\"fr-FR\"},{\"@type\":\"Organization\",\"@id\":\"https:\\\/\\\/www.lesmaestros.com\\\/blog\\\/#organization\",\"name\":\"LES MAESTROS\",\"url\":\"https:\\\/\\\/www.lesmaestros.com\\\/blog\\\/\",\"logo\":{\"@type\":\"ImageObject\",\"inLanguage\":\"fr-FR\",\"@id\":\"https:\\\/\\\/www.lesmaestros.com\\\/blog\\\/#\\\/schema\\\/logo\\\/image\\\/\",\"url\":\"https:\\\/\\\/www.lesmaestros.com\\\/blog\\\/wp-content\\\/uploads\\\/2024\\\/06\\\/mascotte.png\",\"contentUrl\":\"https:\\\/\\\/www.lesmaestros.com\\\/blog\\\/wp-content\\\/uploads\\\/2024\\\/06\\\/mascotte.png\",\"width\":482,\"height\":482,\"caption\":\"LES MAESTROS\"},\"image\":{\"@id\":\"https:\\\/\\\/www.lesmaestros.com\\\/blog\\\/#\\\/schema\\\/logo\\\/image\\\/\"},\"sameAs\":[\"https:\\\/\\\/www.facebook.com\\\/LesMaestrosConciergerie\",\"https:\\\/\\\/www.instagram.com\\\/lesmaestros_immo\\\/\"]},{\"@type\":\"Person\",\"@id\":\"https:\\\/\\\/www.lesmaestros.com\\\/blog\\\/#\\\/schema\\\/person\\\/129df87f8440133b9b93dec0b86118f8\",\"name\":\"lesmaestros\",\"image\":{\"@type\":\"ImageObject\",\"inLanguage\":\"fr-FR\",\"@id\":\"https:\\\/\\\/secure.gravatar.com\\\/avatar\\\/4572aba13401fd503fb130f26bba636b4990c5fd6b18021ae865cf04860b759b?s=96&d=mm&r=g\",\"url\":\"https:\\\/\\\/secure.gravatar.com\\\/avatar\\\/4572aba13401fd503fb130f26bba636b4990c5fd6b18021ae865cf04860b759b?s=96&d=mm&r=g\",\"contentUrl\":\"https:\\\/\\\/secure.gravatar.com\\\/avatar\\\/4572aba13401fd503fb130f26bba636b4990c5fd6b18021ae865cf04860b759b?s=96&d=mm&r=g\",\"caption\":\"lesmaestros\"},\"url\":\"https:\\\/\\\/www.lesmaestros.com\\\/blog\\\/author\\\/lesmaestros\\\/\"}]}<\/script>\n<!-- \/ Yoast SEO plugin. -->","yoast_head_json":{"title":"Le Clos Minard - Location Villa en Bretagne - Blog","robots":{"index":"index","follow":"follow","max-snippet":"max-snippet:-1","max-image-preview":"max-image-preview:large","max-video-preview":"max-video-preview:-1"},"canonical":"https:\/\/www.lesmaestros.com\/blog\/le-clos-minard-location-villa-en-bretagne\/","og_locale":"fr_FR","og_type":"article","og_title":"Le Clos Minard - Location Villa en Bretagne - Blog","og_description":"\u00c9vadez-vous \u00e0 la Pointe de Minard : Une Villa d\u2019Exception au C\u0153ur de la Bretagne Imaginez-vous au bout du monde,...","og_url":"https:\/\/www.lesmaestros.com\/blog\/le-clos-minard-location-villa-en-bretagne\/","og_site_name":"Blog","article_publisher":"https:\/\/www.facebook.com\/LesMaestrosConciergerie","article_published_time":"2025-01-22T20:36:59+00:00","article_modified_time":"2025-01-22T20:37:00+00:00","og_image":[{"url":"https:\/\/www.lesmaestros.com\/blog\/wp-content\/uploads\/2025\/01\/PHOTO-2024-11-14-09-55-22-1344x630.jpg","type":"","width":"","height":""}],"author":"lesmaestros","twitter_card":"summary_large_image","twitter_misc":{"\u00c9crit par":"lesmaestros","Dur\u00e9e de lecture estim\u00e9e":"7 minutes"},"schema":{"@context":"https:\/\/schema.org","@graph":[{"@type":"Article","@id":"https:\/\/www.lesmaestros.com\/blog\/le-clos-minard-location-villa-en-bretagne\/#article","isPartOf":{"@id":"https:\/\/www.lesmaestros.com\/blog\/le-clos-minard-location-villa-en-bretagne\/"},"author":{"name":"lesmaestros","@id":"https:\/\/www.lesmaestros.com\/blog\/#\/schema\/person\/129df87f8440133b9b93dec0b86118f8"},"headline":"Le Clos Minard &#8211; Location Villa en Bretagne","datePublished":"2025-01-22T20:36:59+00:00","dateModified":"2025-01-22T20:37:00+00:00","mainEntityOfPage":{"@id":"https:\/\/www.lesmaestros.com\/blog\/le-clos-minard-location-villa-en-bretagne\/"},"wordCount":701,"commentCount":0,"publisher":{"@id":"https:\/\/www.lesmaestros.com\/blog\/#organization"},"image":{"@id":"https:\/\/www.lesmaestros.com\/blog\/le-clos-minard-location-villa-en-bretagne\/#primaryimage"},"thumbnailUrl":"https:\/\/www.lesmaestros.com\/blog\/wp-content\/uploads\/2025\/01\/PHOTO-2024-11-14-09-55-22-1344x630.jpg","articleSection":["Non classifi\u00e9(e)"],"inLanguage":"fr-FR","potentialAction":[{"@type":"CommentAction","name":"Comment","target":["https:\/\/www.lesmaestros.com\/blog\/le-clos-minard-location-villa-en-bretagne\/#respond"]}]},{"@type":"WebPage","@id":"https:\/\/www.lesmaestros.com\/blog\/le-clos-minard-location-villa-en-bretagne\/","url":"https:\/\/www.lesmaestros.com\/blog\/le-clos-minard-location-villa-en-bretagne\/","name":"Le Clos Minard - Location Villa en Bretagne - Blog","isPartOf":{"@id":"https:\/\/www.lesmaestros.com\/blog\/#website"},"primaryImageOfPage":{"@id":"https:\/\/www.lesmaestros.com\/blog\/le-clos-minard-location-villa-en-bretagne\/#primaryimage"},"image":{"@id":"https:\/\/www.lesmaestros.com\/blog\/le-clos-minard-location-villa-en-bretagne\/#primaryimage"},"thumbnailUrl":"https:\/\/www.lesmaestros.com\/blog\/wp-content\/uploads\/2025\/01\/PHOTO-2024-11-14-09-55-22-1344x630.jpg","datePublished":"2025-01-22T20:36:59+00:00","dateModified":"2025-01-22T20:37:00+00:00","breadcrumb":{"@id":"https:\/\/www.lesmaestros.com\/blog\/le-clos-minard-location-villa-en-bretagne\/#breadcrumb"},"inLanguage":"fr-FR","potentialAction":[{"@type":"ReadAction","target":["https:\/\/www.lesmaestros.com\/blog\/le-clos-minard-location-villa-en-bretagne\/"]}]},{"@type":"ImageObject","inLanguage":"fr-FR","@id":"https:\/\/www.lesmaestros.com\/blog\/le-clos-minard-location-villa-en-bretagne\/#primaryimage","url":"https:\/\/www.lesmaestros.com\/blog\/wp-content\/uploads\/2025\/01\/PHOTO-2024-11-14-09-55-22.jpg","contentUrl":"https:\/\/www.lesmaestros.com\/blog\/wp-content\/uploads\/2025\/01\/PHOTO-2024-11-14-09-55-22.jpg","width":1344,"height":756},{"@type":"BreadcrumbList","@id":"https:\/\/www.lesmaestros.com\/blog\/le-clos-minard-location-villa-en-bretagne\/#breadcrumb","itemListElement":[{"@type":"ListItem","position":1,"name":"Portada","item":"https:\/\/www.lesmaestros.com\/blog\/"},{"@type":"ListItem","position":2,"name":"Le Clos Minard &#8211; Location Villa en Bretagne"}]},{"@type":"WebSite","@id":"https:\/\/www.lesmaestros.com\/blog\/#website","url":"https:\/\/www.lesmaestros.com\/blog\/","name":"les maestros","description":"Les Maestros Immobilier","publisher":{"@id":"https:\/\/www.lesmaestros.com\/blog\/#organization"},"potentialAction":[{"@type":"SearchAction","target":{"@type":"EntryPoint","urlTemplate":"https:\/\/www.lesmaestros.com\/blog\/?s={search_term_string}"},"query-input":{"@type":"PropertyValueSpecification","valueRequired":true,"valueName":"search_term_string"}}],"inLanguage":"fr-FR"},{"@type":"Organization","@id":"https:\/\/www.lesmaestros.com\/blog\/#organization","name":"LES MAESTROS","url":"https:\/\/www.lesmaestros.com\/blog\/","logo":{"@type":"ImageObject","inLanguage":"fr-FR","@id":"https:\/\/www.lesmaestros.com\/blog\/#\/schema\/logo\/image\/","url":"https:\/\/www.lesmaestros.com\/blog\/wp-content\/uploads\/2024\/06\/mascotte.png","contentUrl":"https:\/\/www.lesmaestros.com\/blog\/wp-content\/uploads\/2024\/06\/mascotte.png","width":482,"height":482,"caption":"LES MAESTROS"},"image":{"@id":"https:\/\/www.lesmaestros.com\/blog\/#\/schema\/logo\/image\/"},"sameAs":["https:\/\/www.facebook.com\/LesMaestrosConciergerie","https:\/\/www.instagram.com\/lesmaestros_immo\/"]},{"@type":"Person","@id":"https:\/\/www.lesmaestros.com\/blog\/#\/schema\/person\/129df87f8440133b9b93dec0b86118f8","name":"lesmaestros","image":{"@type":"ImageObject","inLanguage":"fr-FR","@id":"https:\/\/secure.gravatar.com\/avatar\/4572aba13401fd503fb130f26bba636b4990c5fd6b18021ae865cf04860b759b?s=96&d=mm&r=g","url":"https:\/\/secure.gravatar.com\/avatar\/4572aba13401fd503fb130f26bba636b4990c5fd6b18021ae865cf04860b759b?s=96&d=mm&r=g","contentUrl":"https:\/\/secure.gravatar.com\/avatar\/4572aba13401fd503fb130f26bba636b4990c5fd6b18021ae865cf04860b759b?s=96&d=mm&r=g","caption":"lesmaestros"},"url":"https:\/\/www.lesmaestros.com\/blog\/author\/lesmaestros\/"}]}},"_links":{"self":[{"href":"https:\/\/www.lesmaestros.com\/blog\/wp-json\/wp\/v2\/posts\/36","targetHints":{"allow":["GET"]}}],"collection":[{"href":"https:\/\/www.lesmaestros.com\/blog\/wp-json\/wp\/v2\/posts"}],"about":[{"href":"https:\/\/www.lesmaestros.com\/blog\/wp-json\/wp\/v2\/types\/post"}],"author":[{"embeddable":true,"href":"https:\/\/www.lesmaestros.com\/blog\/wp-json\/wp\/v2\/users\/2"}],"replies":[{"embeddable":true,"href":"https:\/\/www.lesmaestros.com\/blog\/wp-json\/wp\/v2\/comments?post=36"}],"version-history":[{"count":1,"href":"https:\/\/www.lesmaestros.com\/blog\/wp-json\/wp\/v2\/posts\/36\/revisions"}],"predecessor-version":[{"id":88,"href":"https:\/\/www.lesmaestros.com\/blog\/wp-json\/wp\/v2\/posts\/36\/revisions\/88"}],"wp:attachment":[{"href":"https:\/\/www.lesmaestros.com\/blog\/wp-json\/wp\/v2\/media?parent=36"}],"wp:term":[{"taxonomy":"category","embeddable":true,"href":"https:\/\/www.lesmaestros.com\/blog\/wp-json\/wp\/v2\/categories?post=36"},{"taxonomy":"post_tag","embeddable":true,"href":"https:\/\/www.lesmaestros.com\/blog\/wp-json\/wp\/v2\/tags?post=36"}],"curies":[{"name":"wp","href":"https:\/\/api.w.org\/{rel}","templated":true}]}}