{"id":89,"date":"2025-01-22T21:01:11","date_gmt":"2025-01-22T21:01:11","guid":{"rendered":"https:\/\/www.lesmaestros.com\/blog\/?p=89"},"modified":"2025-01-31T22:06:05","modified_gmt":"2025-01-31T22:06:05","slug":"residence-philippe-joppe-trebeurden","status":"publish","type":"post","link":"https:\/\/www.lesmaestros.com\/blog\/residence-philippe-joppe-trebeurden\/","title":{"rendered":"Location vacances C\u00f4te de Granit Rose &#8211; R\u00e9sidence Philippe Jopp\u00e9 &#8211; Vue sur la plage de Tresmeur \u00e0 Tr\u00e9beurden &#8211; \u00a0"},"content":{"rendered":"\n<figure class=\"wp-block-embed is-type-video is-provider-youtube wp-block-embed-youtube wp-embed-aspect-16-9 wp-has-aspect-ratio\"><div class=\"wp-block-embed__wrapper\">\n<iframe title=\"Centre Philippe Jopp\u00e9\" width=\"751\" height=\"422\" src=\"https:\/\/www.youtube.com\/embed\/jEJPrdTC3OI?feature=oembed\" frameborder=\"0\" allow=\"accelerometer; autoplay; clipboard-write; encrypted-media; gyroscope; picture-in-picture; web-share\" referrerpolicy=\"strict-origin-when-cross-origin\" allowfullscreen><\/iframe>\n<\/div><\/figure>\n\n\n\n<h1 class=\"wp-block-heading\">S\u00e9jour d&rsquo;Exception \u00e0 la R\u00e9sidence Philippe Jopp\u00e9 \u00e0 Tr\u00e9beurden. Vue sur la plage de Tresmeur \u00e0 Tr\u00e9beurden<\/h1>\n\n\n\n<figure class=\"wp-block-image size-large\"><img fetchpriority=\"high\" decoding=\"async\" width=\"1920\" height=\"630\" src=\"https:\/\/www.lesmaestros.com\/blog\/wp-content\/uploads\/2025\/01\/DJI_0214-1-1920x630.jpg\" alt=\"\" class=\"wp-image-212\"\/><\/figure>\n\n\n\n<p>Situ\u00e9e sur la magnifique\u00a0<strong>C\u00f4te de Granit Rose<\/strong>, la\u00a0<strong>R\u00e9sidence Philippe Jopp\u00e9<\/strong>\u00a0vous offre un cadre id\u00e9al pour un s\u00e9jour en bord de mer. Avec son acc\u00e8s direct \u00e0 la\u00a0<strong>plage de Tresmeur<\/strong>, ses prestations haut de gamme et sa proximit\u00e9 avec le\u00a0<strong>port de Tr\u00e9beurden<\/strong>, elle promet une exp\u00e9rience unique et ressour\u00e7ante. R\u00e9sidence Philippe Jopp\u00e9 &#8211; Vue sur la plage de Tresmeur \u00e0 Tr\u00e9beurden. \u00a0Location vacances C\u00f4te de Granit Rose<\/p>\n\n\n\n<figure class=\"wp-block-image size-large\"><img decoding=\"async\" width=\"1920\" height=\"630\" src=\"https:\/\/www.lesmaestros.com\/blog\/wp-content\/uploads\/2025\/01\/IMG_1624-2-1920x630.jpg\" alt=\"\" class=\"wp-image-221\"\/><\/figure>\n\n\n\n<h2 class=\"wp-block-heading\">Un Emplacement Id\u00e9al Face \u00e0 la Mer<\/h2>\n\n\n\n<h3 class=\"wp-block-heading\">La plage de Tresmeur : un incontournable<\/h3>\n\n\n\n<figure class=\"wp-block-image size-full\"><img decoding=\"async\" width=\"836\" height=\"418\" src=\"https:\/\/www.lesmaestros.com\/blog\/wp-content\/uploads\/2025\/01\/plage-tresmeur-2.jpg\" alt=\"\" class=\"wp-image-215\" srcset=\"https:\/\/www.lesmaestros.com\/blog\/wp-content\/uploads\/2025\/01\/plage-tresmeur-2.jpg 836w, https:\/\/www.lesmaestros.com\/blog\/wp-content\/uploads\/2025\/01\/plage-tresmeur-2-768x384.jpg 768w\" sizes=\"(max-width: 836px) 100vw, 836px\" \/><\/figure>\n\n\n\n<p>La&nbsp;<strong>plage de Tresmeur<\/strong>, situ\u00e9e juste en face de la r\u00e9sidence, est l\u2019une des plus belles de la r\u00e9gion. Son sable fin et ses eaux turquoise en font un lieu parfait pour des moments de d\u00e9tente, des baignades en famille ou des activit\u00e9s nautiques.&nbsp;<strong>De plus, profitez du lever et du coucher du soleil directement depuis la terrasse de votre appartement, un spectacle inoubliable.<\/strong><\/p>\n\n\n\n<p><a href=\"https:\/\/www.bretagne-cotedegranitrose.com\/\">\ud83d\udccd En savoir plus sur la plage de Tresmeur<\/a><\/p>\n\n\n\n<figure class=\"wp-block-image size-full is-resized\"><img loading=\"lazy\" decoding=\"async\" width=\"640\" height=\"480\" src=\"https:\/\/www.lesmaestros.com\/blog\/wp-content\/uploads\/2025\/01\/IMG_1228-1.jpg\" alt=\"\" class=\"wp-image-224\" style=\"width:840px;height:auto\"\/><\/figure>\n\n\n\n<h3 class=\"wp-block-heading\">Le port de Tr\u00e9beurden et ses restaurants<\/h3>\n\n\n\n<p>En seulement quelques minutes \u00e0 pied, rejoignez le&nbsp;<strong>port de Tr\u00e9beurden<\/strong>, un lieu anim\u00e9 o\u00f9 vous pourrez fl\u00e2ner et d\u00e9guster des sp\u00e9cialit\u00e9s locales dans les nombreux restaurants en bord de mer.&nbsp;<strong>Que vous soyez amateur de fruits de mer, de poissons frais ou de cr\u00eapes bretonnes, vous trouverez votre bonheur parmi les nombreuses adresses gourmandes.<\/strong><\/p>\n\n\n\n<p><a href=\"https:\/\/port-trebeurden.com\">\ud83d\udccd D\u00e9couvrir le port de Tr\u00e9beurden<\/a><\/p>\n\n\n\n<h2 class=\"wp-block-heading\">Des Services Haut de Gamme Pour un S\u00e9jour Parfait<\/h2>\n\n\n\n<h3 class=\"wp-block-heading\">Une r\u00e9sidence d\u2019exception<\/h3>\n\n\n\n<figure class=\"wp-block-image size-large\"><img loading=\"lazy\" decoding=\"async\" width=\"1920\" height=\"630\" src=\"https:\/\/www.lesmaestros.com\/blog\/wp-content\/uploads\/2025\/01\/DJI_0211-2-1920x630.jpg\" alt=\"\" class=\"wp-image-230\"\/><\/figure>\n\n\n\n<p>R\u00e9nov\u00e9e par le c\u00e9l\u00e8bre cabinet&nbsp;<strong>Wilmotte &amp; Associ\u00e9s Architectes<\/strong>, la&nbsp;<strong>R\u00e9sidence Philippe Jopp\u00e9<\/strong>&nbsp;allie charme breton et confort moderne.&nbsp;<strong>Chaque appartement a \u00e9t\u00e9 pens\u00e9 pour offrir un cadre luxueux et chaleureux, id\u00e9al pour un s\u00e9jour reposant.<\/strong><\/p>\n\n\n\n<h3 class=\"wp-block-heading\">Piscine int\u00e9rieure chauff\u00e9e<\/h3>\n\n\n\n<figure class=\"wp-block-image size-large\"><img loading=\"lazy\" decoding=\"async\" width=\"1920\" height=\"630\" src=\"https:\/\/www.lesmaestros.com\/blog\/wp-content\/uploads\/2025\/01\/IMG_1757-2-1920x630.jpg\" alt=\"\" class=\"wp-image-218\"\/><\/figure>\n\n\n\n<p>Laissez-vous tenter par un moment de d\u00e9tente dans la&nbsp;<strong>piscine chauff\u00e9e \u00e0 28\/29\u00b0C<\/strong>, accessible toute l\u2019ann\u00e9e.&nbsp;<strong>Apr\u00e8s une journ\u00e9e de d\u00e9couvertes, rien de tel qu\u2019un bain relaxant pour se ressourcer.<\/strong><\/p>\n\n\n\n<h3 class=\"wp-block-heading\">Services et confort<\/h3>\n\n\n\n<ul class=\"wp-block-list\">\n<li><strong>Conciergerie priv\u00e9e<\/strong>\u00a0: Livraison de repas, courses, location de v\u00e9los&#8230;<\/li>\n\n\n\n<li><strong>Parking priv\u00e9<\/strong>\u00a0avec bornes de recharge pour v\u00e9hicules \u00e9lectriques<\/li>\n\n\n\n<li><strong>Ascenseur, local v\u00e9lo et espace de rangement pour paddle\/planche<\/strong><\/li>\n<\/ul>\n\n\n\n<p><a href=\"https:\/\/www.lesmaestros.com\/centre-philippe-joppe\/\">\ud83d\udccd R\u00e9server votre s\u00e9jour \u00e0 la r\u00e9sidence Philippe Jopp\u00e9<\/a><\/p>\n\n\n\n<h2 class=\"wp-block-heading\">D\u00e9couvertes et Activit\u00e9s Autour de la R\u00e9sidence<\/h2>\n\n\n\n<h3 class=\"wp-block-heading\">L&rsquo;\u00e9cole de voile de Tr\u00e9beurden<\/h3>\n\n\n\n<p>Situ\u00e9e \u00e0 seulement&nbsp;<strong>100 m\u00e8tres<\/strong>, l\u2019\u00e9cole de voile vous propose des cours et locations de mat\u00e9riel :&nbsp;<strong>kayak, paddle, catamaran, planche \u00e0 voile<\/strong>.&nbsp;<strong>Que vous soyez d\u00e9butant ou exp\u00e9riment\u00e9, vous trouverez une activit\u00e9 adapt\u00e9e \u00e0 votre niveau.<\/strong><\/p>\n\n\n\n<p><a href=\"https:\/\/ecoledevoiletrebeurden.bzh\">\ud83d\udccd Plus d\u2019infos sur l\u2019\u00e9cole de voile<\/a><\/p>\n\n\n\n<h3 class=\"wp-block-heading\">Randonn\u00e9es et sentiers c\u00f4tiers<\/h3>\n\n\n\n<p>Explorez les&nbsp;<strong>sentiers de la C\u00f4te de Granit Rose<\/strong>&nbsp;avec des panoramas \u00e0 couper le souffle.&nbsp;<strong>Le c\u00e9l\u00e8bre GR34, \u00e9galement appel\u00e9 sentier des douaniers, passe \u00e0 proximit\u00e9 et vous permettra de d\u00e9couvrir des paysages \u00e9poustouflants.<\/strong><\/p>\n\n\n\n<p><a href=\"https:\/\/www.tourismebretagne.com\/\">\ud83d\udccd Carte des sentiers de randonn\u00e9e<\/a><\/p>\n\n\n\n<h3 class=\"wp-block-heading\">Les \u00eeles Milliau et Mol\u00e8ne : des joyaux naturels<\/h3>\n\n\n\n<p>Accessibles \u00e0 pied \u00e0 mar\u00e9e basse ou en bateau,&nbsp;<strong>les \u00eeles Milliau et Mol\u00e8ne<\/strong>&nbsp;sont des lieux pr\u00e9serv\u00e9s o\u00f9 la nature est reine.&nbsp;<strong>Ces \u00eeles offrent un cadre exceptionnel pour une excursion hors du temps, entre sentiers sauvages, faune et flore pr\u00e9serv\u00e9es.<\/strong><\/p>\n\n\n\n<figure class=\"wp-block-embed is-type-video is-provider-youtube wp-block-embed-youtube wp-embed-aspect-16-9 wp-has-aspect-ratio\"><div class=\"wp-block-embed__wrapper\">\n<iframe title=\"\u00cele Mol\u00e8ne - Tr\u00e9beurden - La Bretagne EN DRONE\" width=\"751\" height=\"422\" src=\"https:\/\/www.youtube.com\/embed\/fN_6U5ZH9Bg?feature=oembed\" frameborder=\"0\" allow=\"accelerometer; autoplay; clipboard-write; encrypted-media; gyroscope; picture-in-picture; web-share\" referrerpolicy=\"strict-origin-when-cross-origin\" allowfullscreen><\/iframe>\n<\/div><\/figure>\n\n\n\n<p><a href=\"https:\/\/www.bretagne-tourisme.com\/\">\ud83d\udccd Explorer l&rsquo;\u00eele Milliau<\/a><\/p>\n\n\n\n<h2 class=\"wp-block-heading\">Informations Pratiques<\/h2>\n\n\n\n<figure class=\"wp-block-image size-large\"><img loading=\"lazy\" decoding=\"async\" width=\"1920\" height=\"630\" src=\"https:\/\/www.lesmaestros.com\/blog\/wp-content\/uploads\/2025\/01\/IMG_0085-1-1920x630.jpg\" alt=\"\" class=\"wp-image-227\"\/><\/figure>\n\n\n\n<ul class=\"wp-block-list\">\n<li><strong>19 appartements<\/strong>\u00a0: appartements pour 2 \u00e0 6 personnes<\/li>\n\n\n\n<li><strong>Linge de lit et serviettes inclus<\/strong><\/li>\n\n\n\n<li><strong>Appartement non-fumeur <\/strong><\/li>\n<\/ul>\n\n\n\n<h2 class=\"wp-block-heading\">R\u00e9servez Votre S\u00e9jour Inoubliable<\/h2>\n\n\n\n<p>Offrez-vous une escapade unique \u00e0 la\u00a0<strong>R\u00e9sidence Philippe Jopp\u00e9<\/strong>\u00a0et d\u00e9couvrez la magie de\u00a0<strong>Tr\u00e9beurden et la C\u00f4te de Granit Rose<\/strong>.\u00a0<strong>Ne tardez plus et profitez d\u2019un s\u00e9jour d\u2019exception les pieds dans l\u2019eau !<\/strong> \u00a0Location vacances C\u00f4te de Granit Rose<\/p>\n\n\n\n<p><a href=\"https:\/\/www.lesmaestros.com\/centre-philippe-joppe\/\">\ud83d\udccd R\u00e9servez maintenant<\/a><\/p>\n\n\n\n<p><\/p>\n\n\n\n<p><\/p>\n\n\n\n<p><\/p>\n\n\n\n<p><strong>Liens Externes<\/strong>&nbsp;:<\/p>\n\n\n\n<ul class=\"wp-block-list\">\n<li><a href=\"https:\/\/www.trebeurden.fr\/vie-quotidienne\/tourisme\/\">Site&nbsp;officiel&nbsp;de&nbsp;la&nbsp;ville&nbsp;de&nbsp;Tr\u00e9beurden<\/a><\/li>\n\n\n\n<li><a href=\"https:\/\/www.trebeurden.fr\/vie-quotidienne\/decouvrir-trebeurden\/activites\/\">Activit\u00e9s&nbsp;\u00e0&nbsp;Tr\u00e9beurden<\/a><\/li>\n\n\n\n<li>https:\/\/www.bretagne-cotedegranitrose.com<\/li>\n\n\n\n<li>https:\/\/lankerellec.com\/fr\/<\/li>\n\n\n\n<li><\/li>\n<\/ul>\n\n\n\n<hr class=\"wp-block-separator has-alpha-channel-opacity\"\/>\n\n\n\n<hr class=\"wp-block-separator has-alpha-channel-opacity\"\/>\n\n\n\n<hr class=\"wp-block-separator has-alpha-channel-opacity\"\/>\n\n\n\n<p>En choisissant la R\u00e9sidence Centre Philippe-Jopp\u00e9 pour votre location saisonni\u00e8re en Bretagne, vous optez pour un s\u00e9jour alliant confort, luxe et d\u00e9couverte dans un cadre naturel exceptionnel.<\/p>\n\n\n\n<p><\/p>\n","protected":false},"excerpt":{"rendered":"<p>S\u00e9jour d&rsquo;Exception \u00e0 la R\u00e9sidence Philippe Jopp\u00e9 \u00e0 Tr\u00e9beurden. Vue sur la plage de Tresmeur \u00e0 Tr\u00e9beurden Situ\u00e9e sur la&#8230;<\/p>\n","protected":false},"author":2,"featured_media":0,"comment_status":"open","ping_status":"closed","sticky":false,"template":"","format":"standard","meta":{"footnotes":""},"categories":[2],"tags":[],"class_list":["post-89","post","type-post","status-publish","format-standard","hentry","category-non-classifiee"],"yoast_head":"<!-- This site is optimized with the Yoast SEO plugin v27.5 - https:\/\/yoast.com\/product\/yoast-seo-wordpress\/ -->\n<title>Location vacances C\u00f4te de Granit Rose - R\u00e9sidence Philippe Jopp\u00e9 - Vue sur la plage de Tresmeur \u00e0 Tr\u00e9beurden - Blog<\/title>\n<meta name=\"description\" content=\"S\u00e9journez \u00e0 la R\u00e9sidence Philippe Jopp\u00e9 \u00e0 Tr\u00e9beurden. Location de vacances avec piscine chauff\u00e9e et vue mer sur la C\u00f4te de Granit Rose\" \/>\n<meta name=\"robots\" content=\"index, follow, max-snippet:-1, max-image-preview:large, max-video-preview:-1\" \/>\n<link rel=\"canonical\" href=\"https:\/\/www.lesmaestros.com\/blog\/residence-philippe-joppe-trebeurden\/\" \/>\n<meta property=\"og:locale\" content=\"fr_FR\" \/>\n<meta property=\"og:type\" content=\"article\" \/>\n<meta property=\"og:title\" content=\"https:\/\/www.instagram.com\/centre_philippe_joppe\/\" \/>\n<meta property=\"og:description\" content=\"https:\/\/www.instagram.com\/centre_philippe_joppe\/\" \/>\n<meta property=\"og:url\" content=\"https:\/\/www.lesmaestros.com\/blog\/residence-philippe-joppe-trebeurden\/\" \/>\n<meta property=\"og:site_name\" content=\"Blog\" \/>\n<meta property=\"article:publisher\" content=\"https:\/\/www.facebook.com\/LesMaestrosConciergerie\" \/>\n<meta property=\"article:published_time\" content=\"2025-01-22T21:01:11+00:00\" \/>\n<meta property=\"article:modified_time\" content=\"2025-01-31T22:06:05+00:00\" \/>\n<meta property=\"og:image\" content=\"https:\/\/www.lesmaestros.com\/blog\/wp-content\/uploads\/2025\/01\/DJI_0214-1-1920x630.jpg\" \/>\n<meta name=\"author\" content=\"lesmaestros\" \/>\n<meta name=\"twitter:card\" content=\"summary_large_image\" \/>\n<meta name=\"twitter:label1\" content=\"\u00c9crit par\" \/>\n\t<meta name=\"twitter:data1\" content=\"lesmaestros\" \/>\n\t<meta name=\"twitter:label2\" content=\"Dur\u00e9e de lecture estim\u00e9e\" \/>\n\t<meta name=\"twitter:data2\" content=\"5 minutes\" \/>\n<script type=\"application\/ld+json\" class=\"yoast-schema-graph\">{\"@context\":\"https:\\\/\\\/schema.org\",\"@graph\":[{\"@type\":\"Article\",\"@id\":\"https:\\\/\\\/www.lesmaestros.com\\\/blog\\\/residence-philippe-joppe-trebeurden\\\/#article\",\"isPartOf\":{\"@id\":\"https:\\\/\\\/www.lesmaestros.com\\\/blog\\\/residence-philippe-joppe-trebeurden\\\/\"},\"author\":{\"name\":\"lesmaestros\",\"@id\":\"https:\\\/\\\/www.lesmaestros.com\\\/blog\\\/#\\\/schema\\\/person\\\/129df87f8440133b9b93dec0b86118f8\"},\"headline\":\"Location vacances C\u00f4te de Granit Rose &#8211; R\u00e9sidence Philippe Jopp\u00e9 &#8211; Vue sur la plage de Tresmeur \u00e0 Tr\u00e9beurden &#8211; \u00a0\",\"datePublished\":\"2025-01-22T21:01:11+00:00\",\"dateModified\":\"2025-01-31T22:06:05+00:00\",\"mainEntityOfPage\":{\"@id\":\"https:\\\/\\\/www.lesmaestros.com\\\/blog\\\/residence-philippe-joppe-trebeurden\\\/\"},\"wordCount\":769,\"commentCount\":0,\"publisher\":{\"@id\":\"https:\\\/\\\/www.lesmaestros.com\\\/blog\\\/#organization\"},\"image\":{\"@id\":\"https:\\\/\\\/www.lesmaestros.com\\\/blog\\\/residence-philippe-joppe-trebeurden\\\/#primaryimage\"},\"thumbnailUrl\":\"https:\\\/\\\/www.lesmaestros.com\\\/blog\\\/wp-content\\\/uploads\\\/2025\\\/01\\\/DJI_0214-1-1920x630.jpg\",\"articleSection\":[\"Non classifi\u00e9(e)\"],\"inLanguage\":\"fr-FR\",\"potentialAction\":[{\"@type\":\"CommentAction\",\"name\":\"Comment\",\"target\":[\"https:\\\/\\\/www.lesmaestros.com\\\/blog\\\/residence-philippe-joppe-trebeurden\\\/#respond\"]}]},{\"@type\":\"WebPage\",\"@id\":\"https:\\\/\\\/www.lesmaestros.com\\\/blog\\\/residence-philippe-joppe-trebeurden\\\/\",\"url\":\"https:\\\/\\\/www.lesmaestros.com\\\/blog\\\/residence-philippe-joppe-trebeurden\\\/\",\"name\":\"Location vacances C\u00f4te de Granit Rose - R\u00e9sidence Philippe Jopp\u00e9 - Vue sur la plage de Tresmeur \u00e0 Tr\u00e9beurden - Blog\",\"isPartOf\":{\"@id\":\"https:\\\/\\\/www.lesmaestros.com\\\/blog\\\/#website\"},\"primaryImageOfPage\":{\"@id\":\"https:\\\/\\\/www.lesmaestros.com\\\/blog\\\/residence-philippe-joppe-trebeurden\\\/#primaryimage\"},\"image\":{\"@id\":\"https:\\\/\\\/www.lesmaestros.com\\\/blog\\\/residence-philippe-joppe-trebeurden\\\/#primaryimage\"},\"thumbnailUrl\":\"https:\\\/\\\/www.lesmaestros.com\\\/blog\\\/wp-content\\\/uploads\\\/2025\\\/01\\\/DJI_0214-1-1920x630.jpg\",\"datePublished\":\"2025-01-22T21:01:11+00:00\",\"dateModified\":\"2025-01-31T22:06:05+00:00\",\"description\":\"S\u00e9journez \u00e0 la R\u00e9sidence Philippe Jopp\u00e9 \u00e0 Tr\u00e9beurden. Location de vacances avec piscine chauff\u00e9e et vue mer sur la C\u00f4te de Granit Rose\",\"breadcrumb\":{\"@id\":\"https:\\\/\\\/www.lesmaestros.com\\\/blog\\\/residence-philippe-joppe-trebeurden\\\/#breadcrumb\"},\"inLanguage\":\"fr-FR\",\"potentialAction\":[{\"@type\":\"ReadAction\",\"target\":[\"https:\\\/\\\/www.lesmaestros.com\\\/blog\\\/residence-philippe-joppe-trebeurden\\\/\"]}]},{\"@type\":\"ImageObject\",\"inLanguage\":\"fr-FR\",\"@id\":\"https:\\\/\\\/www.lesmaestros.com\\\/blog\\\/residence-philippe-joppe-trebeurden\\\/#primaryimage\",\"url\":\"https:\\\/\\\/www.lesmaestros.com\\\/blog\\\/wp-content\\\/uploads\\\/2025\\\/01\\\/DJI_0214-1-scaled.jpg\",\"contentUrl\":\"https:\\\/\\\/www.lesmaestros.com\\\/blog\\\/wp-content\\\/uploads\\\/2025\\\/01\\\/DJI_0214-1-scaled.jpg\",\"width\":2560,\"height\":1920},{\"@type\":\"BreadcrumbList\",\"@id\":\"https:\\\/\\\/www.lesmaestros.com\\\/blog\\\/residence-philippe-joppe-trebeurden\\\/#breadcrumb\",\"itemListElement\":[{\"@type\":\"ListItem\",\"position\":1,\"name\":\"Portada\",\"item\":\"https:\\\/\\\/www.lesmaestros.com\\\/blog\\\/\"},{\"@type\":\"ListItem\",\"position\":2,\"name\":\"R\u00e9sidence Philippe Jopp\u00e9 - Vue sur la plage de Tresmeur \u00e0 Tr\u00e9beurden\"}]},{\"@type\":\"WebSite\",\"@id\":\"https:\\\/\\\/www.lesmaestros.com\\\/blog\\\/#website\",\"url\":\"https:\\\/\\\/www.lesmaestros.com\\\/blog\\\/\",\"name\":\"les maestros\",\"description\":\"Les Maestros Immobilier\",\"publisher\":{\"@id\":\"https:\\\/\\\/www.lesmaestros.com\\\/blog\\\/#organization\"},\"potentialAction\":[{\"@type\":\"SearchAction\",\"target\":{\"@type\":\"EntryPoint\",\"urlTemplate\":\"https:\\\/\\\/www.lesmaestros.com\\\/blog\\\/?s={search_term_string}\"},\"query-input\":{\"@type\":\"PropertyValueSpecification\",\"valueRequired\":true,\"valueName\":\"search_term_string\"}}],\"inLanguage\":\"fr-FR\"},{\"@type\":\"Organization\",\"@id\":\"https:\\\/\\\/www.lesmaestros.com\\\/blog\\\/#organization\",\"name\":\"LES MAESTROS\",\"url\":\"https:\\\/\\\/www.lesmaestros.com\\\/blog\\\/\",\"logo\":{\"@type\":\"ImageObject\",\"inLanguage\":\"fr-FR\",\"@id\":\"https:\\\/\\\/www.lesmaestros.com\\\/blog\\\/#\\\/schema\\\/logo\\\/image\\\/\",\"url\":\"https:\\\/\\\/www.lesmaestros.com\\\/blog\\\/wp-content\\\/uploads\\\/2024\\\/06\\\/mascotte.png\",\"contentUrl\":\"https:\\\/\\\/www.lesmaestros.com\\\/blog\\\/wp-content\\\/uploads\\\/2024\\\/06\\\/mascotte.png\",\"width\":482,\"height\":482,\"caption\":\"LES MAESTROS\"},\"image\":{\"@id\":\"https:\\\/\\\/www.lesmaestros.com\\\/blog\\\/#\\\/schema\\\/logo\\\/image\\\/\"},\"sameAs\":[\"https:\\\/\\\/www.facebook.com\\\/LesMaestrosConciergerie\",\"https:\\\/\\\/www.instagram.com\\\/lesmaestros_immo\\\/\"]},{\"@type\":\"Person\",\"@id\":\"https:\\\/\\\/www.lesmaestros.com\\\/blog\\\/#\\\/schema\\\/person\\\/129df87f8440133b9b93dec0b86118f8\",\"name\":\"lesmaestros\",\"image\":{\"@type\":\"ImageObject\",\"inLanguage\":\"fr-FR\",\"@id\":\"https:\\\/\\\/secure.gravatar.com\\\/avatar\\\/4572aba13401fd503fb130f26bba636b4990c5fd6b18021ae865cf04860b759b?s=96&d=mm&r=g\",\"url\":\"https:\\\/\\\/secure.gravatar.com\\\/avatar\\\/4572aba13401fd503fb130f26bba636b4990c5fd6b18021ae865cf04860b759b?s=96&d=mm&r=g\",\"contentUrl\":\"https:\\\/\\\/secure.gravatar.com\\\/avatar\\\/4572aba13401fd503fb130f26bba636b4990c5fd6b18021ae865cf04860b759b?s=96&d=mm&r=g\",\"caption\":\"lesmaestros\"},\"url\":\"https:\\\/\\\/www.lesmaestros.com\\\/blog\\\/author\\\/lesmaestros\\\/\"}]}<\/script>\n<!-- \/ Yoast SEO plugin. -->","yoast_head_json":{"title":"Location vacances C\u00f4te de Granit Rose - R\u00e9sidence Philippe Jopp\u00e9 - Vue sur la plage de Tresmeur \u00e0 Tr\u00e9beurden - Blog","description":"S\u00e9journez \u00e0 la R\u00e9sidence Philippe Jopp\u00e9 \u00e0 Tr\u00e9beurden. Location de vacances avec piscine chauff\u00e9e et vue mer sur la C\u00f4te de Granit Rose","robots":{"index":"index","follow":"follow","max-snippet":"max-snippet:-1","max-image-preview":"max-image-preview:large","max-video-preview":"max-video-preview:-1"},"canonical":"https:\/\/www.lesmaestros.com\/blog\/residence-philippe-joppe-trebeurden\/","og_locale":"fr_FR","og_type":"article","og_title":"https:\/\/www.instagram.com\/centre_philippe_joppe\/","og_description":"https:\/\/www.instagram.com\/centre_philippe_joppe\/","og_url":"https:\/\/www.lesmaestros.com\/blog\/residence-philippe-joppe-trebeurden\/","og_site_name":"Blog","article_publisher":"https:\/\/www.facebook.com\/LesMaestrosConciergerie","article_published_time":"2025-01-22T21:01:11+00:00","article_modified_time":"2025-01-31T22:06:05+00:00","og_image":[{"url":"https:\/\/www.lesmaestros.com\/blog\/wp-content\/uploads\/2025\/01\/DJI_0214-1-1920x630.jpg","type":"","width":"","height":""}],"author":"lesmaestros","twitter_card":"summary_large_image","twitter_misc":{"\u00c9crit par":"lesmaestros","Dur\u00e9e de lecture estim\u00e9e":"5 minutes"},"schema":{"@context":"https:\/\/schema.org","@graph":[{"@type":"Article","@id":"https:\/\/www.lesmaestros.com\/blog\/residence-philippe-joppe-trebeurden\/#article","isPartOf":{"@id":"https:\/\/www.lesmaestros.com\/blog\/residence-philippe-joppe-trebeurden\/"},"author":{"name":"lesmaestros","@id":"https:\/\/www.lesmaestros.com\/blog\/#\/schema\/person\/129df87f8440133b9b93dec0b86118f8"},"headline":"Location vacances C\u00f4te de Granit Rose &#8211; R\u00e9sidence Philippe Jopp\u00e9 &#8211; Vue sur la plage de Tresmeur \u00e0 Tr\u00e9beurden &#8211; \u00a0","datePublished":"2025-01-22T21:01:11+00:00","dateModified":"2025-01-31T22:06:05+00:00","mainEntityOfPage":{"@id":"https:\/\/www.lesmaestros.com\/blog\/residence-philippe-joppe-trebeurden\/"},"wordCount":769,"commentCount":0,"publisher":{"@id":"https:\/\/www.lesmaestros.com\/blog\/#organization"},"image":{"@id":"https:\/\/www.lesmaestros.com\/blog\/residence-philippe-joppe-trebeurden\/#primaryimage"},"thumbnailUrl":"https:\/\/www.lesmaestros.com\/blog\/wp-content\/uploads\/2025\/01\/DJI_0214-1-1920x630.jpg","articleSection":["Non classifi\u00e9(e)"],"inLanguage":"fr-FR","potentialAction":[{"@type":"CommentAction","name":"Comment","target":["https:\/\/www.lesmaestros.com\/blog\/residence-philippe-joppe-trebeurden\/#respond"]}]},{"@type":"WebPage","@id":"https:\/\/www.lesmaestros.com\/blog\/residence-philippe-joppe-trebeurden\/","url":"https:\/\/www.lesmaestros.com\/blog\/residence-philippe-joppe-trebeurden\/","name":"Location vacances C\u00f4te de Granit Rose - R\u00e9sidence Philippe Jopp\u00e9 - Vue sur la plage de Tresmeur \u00e0 Tr\u00e9beurden - Blog","isPartOf":{"@id":"https:\/\/www.lesmaestros.com\/blog\/#website"},"primaryImageOfPage":{"@id":"https:\/\/www.lesmaestros.com\/blog\/residence-philippe-joppe-trebeurden\/#primaryimage"},"image":{"@id":"https:\/\/www.lesmaestros.com\/blog\/residence-philippe-joppe-trebeurden\/#primaryimage"},"thumbnailUrl":"https:\/\/www.lesmaestros.com\/blog\/wp-content\/uploads\/2025\/01\/DJI_0214-1-1920x630.jpg","datePublished":"2025-01-22T21:01:11+00:00","dateModified":"2025-01-31T22:06:05+00:00","description":"S\u00e9journez \u00e0 la R\u00e9sidence Philippe Jopp\u00e9 \u00e0 Tr\u00e9beurden. Location de vacances avec piscine chauff\u00e9e et vue mer sur la C\u00f4te de Granit Rose","breadcrumb":{"@id":"https:\/\/www.lesmaestros.com\/blog\/residence-philippe-joppe-trebeurden\/#breadcrumb"},"inLanguage":"fr-FR","potentialAction":[{"@type":"ReadAction","target":["https:\/\/www.lesmaestros.com\/blog\/residence-philippe-joppe-trebeurden\/"]}]},{"@type":"ImageObject","inLanguage":"fr-FR","@id":"https:\/\/www.lesmaestros.com\/blog\/residence-philippe-joppe-trebeurden\/#primaryimage","url":"https:\/\/www.lesmaestros.com\/blog\/wp-content\/uploads\/2025\/01\/DJI_0214-1-scaled.jpg","contentUrl":"https:\/\/www.lesmaestros.com\/blog\/wp-content\/uploads\/2025\/01\/DJI_0214-1-scaled.jpg","width":2560,"height":1920},{"@type":"BreadcrumbList","@id":"https:\/\/www.lesmaestros.com\/blog\/residence-philippe-joppe-trebeurden\/#breadcrumb","itemListElement":[{"@type":"ListItem","position":1,"name":"Portada","item":"https:\/\/www.lesmaestros.com\/blog\/"},{"@type":"ListItem","position":2,"name":"R\u00e9sidence Philippe Jopp\u00e9 - Vue sur la plage de Tresmeur \u00e0 Tr\u00e9beurden"}]},{"@type":"WebSite","@id":"https:\/\/www.lesmaestros.com\/blog\/#website","url":"https:\/\/www.lesmaestros.com\/blog\/","name":"les maestros","description":"Les Maestros Immobilier","publisher":{"@id":"https:\/\/www.lesmaestros.com\/blog\/#organization"},"potentialAction":[{"@type":"SearchAction","target":{"@type":"EntryPoint","urlTemplate":"https:\/\/www.lesmaestros.com\/blog\/?s={search_term_string}"},"query-input":{"@type":"PropertyValueSpecification","valueRequired":true,"valueName":"search_term_string"}}],"inLanguage":"fr-FR"},{"@type":"Organization","@id":"https:\/\/www.lesmaestros.com\/blog\/#organization","name":"LES MAESTROS","url":"https:\/\/www.lesmaestros.com\/blog\/","logo":{"@type":"ImageObject","inLanguage":"fr-FR","@id":"https:\/\/www.lesmaestros.com\/blog\/#\/schema\/logo\/image\/","url":"https:\/\/www.lesmaestros.com\/blog\/wp-content\/uploads\/2024\/06\/mascotte.png","contentUrl":"https:\/\/www.lesmaestros.com\/blog\/wp-content\/uploads\/2024\/06\/mascotte.png","width":482,"height":482,"caption":"LES MAESTROS"},"image":{"@id":"https:\/\/www.lesmaestros.com\/blog\/#\/schema\/logo\/image\/"},"sameAs":["https:\/\/www.facebook.com\/LesMaestrosConciergerie","https:\/\/www.instagram.com\/lesmaestros_immo\/"]},{"@type":"Person","@id":"https:\/\/www.lesmaestros.com\/blog\/#\/schema\/person\/129df87f8440133b9b93dec0b86118f8","name":"lesmaestros","image":{"@type":"ImageObject","inLanguage":"fr-FR","@id":"https:\/\/secure.gravatar.com\/avatar\/4572aba13401fd503fb130f26bba636b4990c5fd6b18021ae865cf04860b759b?s=96&d=mm&r=g","url":"https:\/\/secure.gravatar.com\/avatar\/4572aba13401fd503fb130f26bba636b4990c5fd6b18021ae865cf04860b759b?s=96&d=mm&r=g","contentUrl":"https:\/\/secure.gravatar.com\/avatar\/4572aba13401fd503fb130f26bba636b4990c5fd6b18021ae865cf04860b759b?s=96&d=mm&r=g","caption":"lesmaestros"},"url":"https:\/\/www.lesmaestros.com\/blog\/author\/lesmaestros\/"}]}},"_links":{"self":[{"href":"https:\/\/www.lesmaestros.com\/blog\/wp-json\/wp\/v2\/posts\/89","targetHints":{"allow":["GET"]}}],"collection":[{"href":"https:\/\/www.lesmaestros.com\/blog\/wp-json\/wp\/v2\/posts"}],"about":[{"href":"https:\/\/www.lesmaestros.com\/blog\/wp-json\/wp\/v2\/types\/post"}],"author":[{"embeddable":true,"href":"https:\/\/www.lesmaestros.com\/blog\/wp-json\/wp\/v2\/users\/2"}],"replies":[{"embeddable":true,"href":"https:\/\/www.lesmaestros.com\/blog\/wp-json\/wp\/v2\/comments?post=89"}],"version-history":[{"count":3,"href":"https:\/\/www.lesmaestros.com\/blog\/wp-json\/wp\/v2\/posts\/89\/revisions"}],"predecessor-version":[{"id":235,"href":"https:\/\/www.lesmaestros.com\/blog\/wp-json\/wp\/v2\/posts\/89\/revisions\/235"}],"wp:attachment":[{"href":"https:\/\/www.lesmaestros.com\/blog\/wp-json\/wp\/v2\/media?parent=89"}],"wp:term":[{"taxonomy":"category","embeddable":true,"href":"https:\/\/www.lesmaestros.com\/blog\/wp-json\/wp\/v2\/categories?post=89"},{"taxonomy":"post_tag","embeddable":true,"href":"https:\/\/www.lesmaestros.com\/blog\/wp-json\/wp\/v2\/tags?post=89"}],"curies":[{"name":"wp","href":"https:\/\/api.w.org\/{rel}","templated":true}]}}